{"id":105,"date":"2020-01-01T12:25:45","date_gmt":"2020-01-01T15:25:45","guid":{"rendered":"https:\/\/https:\/\/plicplac.com\/minimizando\/\/?p=105"},"modified":"2023-07-27T14:49:55","modified_gmt":"2023-07-27T17:49:55","slug":"vamos-minimizar","status":"publish","type":"post","link":"https:\/\/plicplac.com\/minimizando\/menos-e-mais\/vamos-minimizar\/","title":{"rendered":"Oi 2020&#8230; Vamos Minimizar?"},"content":{"rendered":"\n<figure class=\"wp-block-image size-large\"><img decoding=\"async\" loading=\"lazy\" width=\"800\" height=\"800\" src=\"https:\/\/plicplac.com\/minimizando\/wp-content\/uploads\/2023\/07\/frase_001-800x800.jpg\" alt=\"\" class=\"wp-image-426\" srcset=\"https:\/\/plicplac.com\/minimizando\/wp-content\/uploads\/2023\/07\/frase_001-800x800.jpg 800w, https:\/\/plicplac.com\/minimizando\/wp-content\/uploads\/2023\/07\/frase_001-768x768.jpg 768w, https:\/\/plicplac.com\/minimizando\/wp-content\/uploads\/2023\/07\/frase_001-120x120.jpg 120w, https:\/\/plicplac.com\/minimizando\/wp-content\/uploads\/2023\/07\/frase_001.jpg 1200w\" sizes=\"(max-width: 800px) 100vw, 800px\" \/><\/figure>\n\n\n\n<p><strong>Minimizando vem do verbo minimizar.<\/strong> O mesmo que: <em>diminuindo, reduzindo<\/em>&#8230; <em>Reduzir a propor\u00e7\u00f5es m\u00ednimas.<\/em><\/p>\n\n\n\n<p>Reduzir nosso consumo em uma <a href=\"https:\/\/pt.wikipedia.org\/wiki\/Capitalismo\" target=\"_blank\" rel=\"noreferrer noopener\" aria-label=\"sociedade capitalista (abre numa nova aba)\">sociedade capitalista<\/a>. Diminuir o uso de recursos n\u00e3o renov\u00e1veis. Minimizar o nosso impacto no planeta.<\/p>\n\n\n\n<p><strong>ESSA \u00c9  IDEIA!<\/strong> \ud83d\ude42<\/p>\n\n\n\n<p>Esse blog <em>(que ter\u00e1 cunho pessoal)<\/em> tem o objetivo de compartilhar todos os acertos <em>(e tamb\u00e9m os erros)<\/em> que encontramos <em>(e estamos encontrando)<\/em> na busca por uma vida com mais prop\u00f3sito e com menos lixo. Nosso objetivo \u00e9 viver de forma mais harmoniosa com a natureza.<\/p>\n\n\n\n<p>Nossa comodidade e praticidade tem custado caro para o planeta <em>(vamos falar sobre isso tamb\u00e9m)<\/em>. Mas com pequenas atitudes podemos MINIMIZAR nosso impacto e fluir com uma vida \u00e9tica, mais sustent\u00e1vel e mais consciente.<\/p>\n\n\n\n<p>A ideia era lan\u00e7ar tudo isso em 2017, d\u00e1 pra acreditar? O tempo passou, <em>(foram muitos cursos e experi\u00eancias durante esse per\u00edodo)<\/em> e agora me sinto pronta para finalmente colocar esse projeto em pr\u00e1tica. <\/p>\n\n\n\n<p>Poderia ficar s\u00f3 com as redes sociais <em>(que s\u00e3o infinitamente mais f\u00e1ceis de administrar e compartilhar conte\u00fado)<\/em>&#8230; Mas em um mundo com conte\u00fados consumidos cada vez mais r\u00e1pido, senti a necessidade de voltar <em>&#8220;no passado&#8221;<\/em> e ir mais devagar&#8230;. <strong>COM UM SITE ESTILO BLOG!<\/strong><\/p>\n\n\n\n<p>Construir um espa\u00e7o onde o conte\u00fado possa ser acessado com facilidade na hora que voc\u00ea quiser <em>(ele n\u00e3o vai sumir em 24 horas)<\/em>. E voc\u00ea poder\u00e1 escolher ler ele na hora que quiser, quando quiser, se quiser. <strong>PRECISAMOS PAUSAR. IR COM MAIS CALMA&#8230;<\/strong><\/p>\n\n\n\n<p><strong><em>Vamos minimizar juntos?!<\/em><\/strong><\/p>\n\n\n\n<ul>\n<li>EVENTUALMENTE APARECEMOS no <a rel=\"noreferrer noopener\" aria-label=\"instagram (abre numa nova aba)\" href=\"https:\/\/www.instagram.com\/minimizando.com.br\/\" target=\"_blank\">instagram<\/a> e no <a rel=\"noreferrer noopener\" aria-label=\"facebook (abre numa nova aba)\" href=\"https:\/\/www.facebook.com\/minimizando.com.br\/\" target=\"_blank\">facebook<\/a> tamb\u00e9m.<\/li>\n<\/ul>\n","protected":false},"excerpt":{"rendered":"<p>Minimizando vem do verbo minimizar. O mesmo que: diminuindo, reduzindo&#8230; Reduzir a propor\u00e7\u00f5es m\u00ednimas. Reduzir nosso consumo em uma sociedade capitalista. Diminuir o uso de recursos n\u00e3o renov\u00e1veis. Minimizar o nosso impacto no planeta. ESSA \u00c9 IDEIA! \ud83d\ude42 Esse blog (que ter\u00e1 cunho pessoal) tem o objetivo de compartilhar todos os acertos (e tamb\u00e9m os [&hellip;]<\/p>\n","protected":false},"author":1,"featured_media":0,"comment_status":"open","ping_status":"open","sticky":false,"template":"","format":"standard","meta":[],"categories":[1],"tags":[39,40],"yoast_head":"<!-- This site is optimized with the Yoast SEO plugin v20.12 - https:\/\/yoast.com\/wordpress\/plugins\/seo\/ -->\n<title>Oi 2020... Vamos Minimizar?<\/title>\n<meta name=\"description\" content=\"Minimizando vem do verbo minimizar. O mesmo que: diminuindo, reduzindo. Reduzir a propor\u00e7\u00f5es m\u00ednimas. Reduzir nosso consumo. Diminuir o uso de recursos...\" \/>\n<meta name=\"robots\" content=\"index, follow, max-snippet:-1, max-image-preview:large, max-video-preview:-1\" \/>\n<link rel=\"canonical\" href=\"https:\/\/plicplac.com\/minimizando\/menos-e-mais\/vamos-minimizar\/\" \/>\n<meta property=\"og:locale\" content=\"pt_BR\" \/>\n<meta property=\"og:type\" content=\"article\" \/>\n<meta property=\"og:title\" content=\"Oi 2020... Vamos Minimizar?\" \/>\n<meta property=\"og:description\" content=\"Minimizando vem do verbo minimizar. O mesmo que: diminuindo, reduzindo. Reduzir a propor\u00e7\u00f5es m\u00ednimas. Reduzir nosso consumo. Diminuir o uso de recursos...\" \/>\n<meta property=\"og:url\" content=\"https:\/\/plicplac.com\/minimizando\/menos-e-mais\/vamos-minimizar\/\" \/>\n<meta property=\"og:site_name\" content=\"Minimizando\" \/>\n<meta property=\"article:published_time\" content=\"2020-01-01T15:25:45+00:00\" \/>\n<meta property=\"article:modified_time\" content=\"2023-07-27T17:49:55+00:00\" \/>\n<meta property=\"og:image\" content=\"https:\/\/plicplac.com\/minimizando\/wp-content\/uploads\/2023\/07\/frase_001-800x800.jpg\" \/>\n<meta name=\"author\" content=\"Mari Assmann\" \/>\n<meta name=\"twitter:card\" content=\"summary_large_image\" \/>\n<meta name=\"twitter:label1\" content=\"Escrito por\" \/>\n\t<meta name=\"twitter:data1\" content=\"Mari Assmann\" \/>\n\t<meta name=\"twitter:label2\" content=\"Est. tempo de leitura\" \/>\n\t<meta name=\"twitter:data2\" content=\"2 minutos\" \/>\n<script type=\"application\/ld+json\" class=\"yoast-schema-graph\">{\"@context\":\"https:\/\/schema.org\",\"@graph\":[{\"@type\":\"Article\",\"@id\":\"https:\/\/plicplac.com\/minimizando\/menos-e-mais\/vamos-minimizar\/#article\",\"isPartOf\":{\"@id\":\"https:\/\/plicplac.com\/minimizando\/menos-e-mais\/vamos-minimizar\/\"},\"author\":{\"name\":\"Mari Assmann\",\"@id\":\"https:\/\/plicplac.com\/minimizando\/#\/schema\/person\/49afaba77f057a7b6f6ed386f478e1b2\"},\"headline\":\"Oi 2020&#8230; Vamos Minimizar?\",\"datePublished\":\"2020-01-01T15:25:45+00:00\",\"dateModified\":\"2023-07-27T17:49:55+00:00\",\"mainEntityOfPage\":{\"@id\":\"https:\/\/plicplac.com\/minimizando\/menos-e-mais\/vamos-minimizar\/\"},\"wordCount\":269,\"commentCount\":0,\"publisher\":{\"@id\":\"https:\/\/plicplac.com\/minimizando\/#\/schema\/person\/49afaba77f057a7b6f6ed386f478e1b2\"},\"keywords\":[\"Conversas\",\"Minimize!\"],\"articleSection\":[\"Menos \u00e9 Mais\"],\"inLanguage\":\"pt-BR\",\"potentialAction\":[{\"@type\":\"CommentAction\",\"name\":\"Comment\",\"target\":[\"https:\/\/plicplac.com\/minimizando\/menos-e-mais\/vamos-minimizar\/#respond\"]}]},{\"@type\":\"WebPage\",\"@id\":\"https:\/\/plicplac.com\/minimizando\/menos-e-mais\/vamos-minimizar\/\",\"url\":\"https:\/\/plicplac.com\/minimizando\/menos-e-mais\/vamos-minimizar\/\",\"name\":\"Oi 2020... Vamos Minimizar?\",\"isPartOf\":{\"@id\":\"https:\/\/plicplac.com\/minimizando\/#website\"},\"datePublished\":\"2020-01-01T15:25:45+00:00\",\"dateModified\":\"2023-07-27T17:49:55+00:00\",\"description\":\"Minimizando vem do verbo minimizar. O mesmo que: diminuindo, reduzindo. Reduzir a propor\u00e7\u00f5es m\u00ednimas. Reduzir nosso consumo. Diminuir o uso de recursos...\",\"breadcrumb\":{\"@id\":\"https:\/\/plicplac.com\/minimizando\/menos-e-mais\/vamos-minimizar\/#breadcrumb\"},\"inLanguage\":\"pt-BR\",\"potentialAction\":[{\"@type\":\"ReadAction\",\"target\":[\"https:\/\/plicplac.com\/minimizando\/menos-e-mais\/vamos-minimizar\/\"]}]},{\"@type\":\"BreadcrumbList\",\"@id\":\"https:\/\/plicplac.com\/minimizando\/menos-e-mais\/vamos-minimizar\/#breadcrumb\",\"itemListElement\":[{\"@type\":\"ListItem\",\"position\":1,\"name\":\"In\u00edcio\",\"item\":\"https:\/\/plicplac.com\/minimizando\/\"},{\"@type\":\"ListItem\",\"position\":2,\"name\":\"Oi 2020&#8230; Vamos Minimizar?\"}]},{\"@type\":\"WebSite\",\"@id\":\"https:\/\/plicplac.com\/minimizando\/#website\",\"url\":\"https:\/\/plicplac.com\/minimizando\/\",\"name\":\"Minimizando\",\"description\":\"\",\"publisher\":{\"@id\":\"https:\/\/plicplac.com\/minimizando\/#\/schema\/person\/49afaba77f057a7b6f6ed386f478e1b2\"},\"potentialAction\":[{\"@type\":\"SearchAction\",\"target\":{\"@type\":\"EntryPoint\",\"urlTemplate\":\"https:\/\/plicplac.com\/minimizando\/?s={search_term_string}\"},\"query-input\":\"required name=search_term_string\"}],\"inLanguage\":\"pt-BR\"},{\"@type\":[\"Person\",\"Organization\"],\"@id\":\"https:\/\/plicplac.com\/minimizando\/#\/schema\/person\/49afaba77f057a7b6f6ed386f478e1b2\",\"name\":\"Mari Assmann\",\"image\":{\"@type\":\"ImageObject\",\"inLanguage\":\"pt-BR\",\"@id\":\"https:\/\/plicplac.com\/minimizando\/#\/schema\/person\/image\/\",\"url\":\"https:\/\/plicplac.com\/minimizando\/wp-content\/uploads\/2020\/01\/mari_assmann.jpg\",\"contentUrl\":\"https:\/\/plicplac.com\/minimizando\/wp-content\/uploads\/2020\/01\/mari_assmann.jpg\",\"width\":666,\"height\":989,\"caption\":\"Mari Assmann\"},\"logo\":{\"@id\":\"https:\/\/plicplac.com\/minimizando\/#\/schema\/person\/image\/\"},\"sameAs\":[\"https:\/\/www.minimizando.com.br\/\"]}]}<\/script>\n<!-- \/ Yoast SEO plugin. -->","yoast_head_json":{"title":"Oi 2020... Vamos Minimizar?","description":"Minimizando vem do verbo minimizar. O mesmo que: diminuindo, reduzindo. Reduzir a propor\u00e7\u00f5es m\u00ednimas. Reduzir nosso consumo. Diminuir o uso de recursos...","robots":{"index":"index","follow":"follow","max-snippet":"max-snippet:-1","max-image-preview":"max-image-preview:large","max-video-preview":"max-video-preview:-1"},"canonical":"https:\/\/plicplac.com\/minimizando\/menos-e-mais\/vamos-minimizar\/","og_locale":"pt_BR","og_type":"article","og_title":"Oi 2020... Vamos Minimizar?","og_description":"Minimizando vem do verbo minimizar. O mesmo que: diminuindo, reduzindo. Reduzir a propor\u00e7\u00f5es m\u00ednimas. Reduzir nosso consumo. Diminuir o uso de recursos...","og_url":"https:\/\/plicplac.com\/minimizando\/menos-e-mais\/vamos-minimizar\/","og_site_name":"Minimizando","article_published_time":"2020-01-01T15:25:45+00:00","article_modified_time":"2023-07-27T17:49:55+00:00","og_image":[{"url":"https:\/\/plicplac.com\/minimizando\/wp-content\/uploads\/2023\/07\/frase_001-800x800.jpg"}],"author":"Mari Assmann","twitter_card":"summary_large_image","twitter_misc":{"Escrito por":"Mari Assmann","Est. tempo de leitura":"2 minutos"},"schema":{"@context":"https:\/\/schema.org","@graph":[{"@type":"Article","@id":"https:\/\/plicplac.com\/minimizando\/menos-e-mais\/vamos-minimizar\/#article","isPartOf":{"@id":"https:\/\/plicplac.com\/minimizando\/menos-e-mais\/vamos-minimizar\/"},"author":{"name":"Mari Assmann","@id":"https:\/\/plicplac.com\/minimizando\/#\/schema\/person\/49afaba77f057a7b6f6ed386f478e1b2"},"headline":"Oi 2020&#8230; Vamos Minimizar?","datePublished":"2020-01-01T15:25:45+00:00","dateModified":"2023-07-27T17:49:55+00:00","mainEntityOfPage":{"@id":"https:\/\/plicplac.com\/minimizando\/menos-e-mais\/vamos-minimizar\/"},"wordCount":269,"commentCount":0,"publisher":{"@id":"https:\/\/plicplac.com\/minimizando\/#\/schema\/person\/49afaba77f057a7b6f6ed386f478e1b2"},"keywords":["Conversas","Minimize!"],"articleSection":["Menos \u00e9 Mais"],"inLanguage":"pt-BR","potentialAction":[{"@type":"CommentAction","name":"Comment","target":["https:\/\/plicplac.com\/minimizando\/menos-e-mais\/vamos-minimizar\/#respond"]}]},{"@type":"WebPage","@id":"https:\/\/plicplac.com\/minimizando\/menos-e-mais\/vamos-minimizar\/","url":"https:\/\/plicplac.com\/minimizando\/menos-e-mais\/vamos-minimizar\/","name":"Oi 2020... Vamos Minimizar?","isPartOf":{"@id":"https:\/\/plicplac.com\/minimizando\/#website"},"datePublished":"2020-01-01T15:25:45+00:00","dateModified":"2023-07-27T17:49:55+00:00","description":"Minimizando vem do verbo minimizar. O mesmo que: diminuindo, reduzindo. Reduzir a propor\u00e7\u00f5es m\u00ednimas. Reduzir nosso consumo. Diminuir o uso de recursos...","breadcrumb":{"@id":"https:\/\/plicplac.com\/minimizando\/menos-e-mais\/vamos-minimizar\/#breadcrumb"},"inLanguage":"pt-BR","potentialAction":[{"@type":"ReadAction","target":["https:\/\/plicplac.com\/minimizando\/menos-e-mais\/vamos-minimizar\/"]}]},{"@type":"BreadcrumbList","@id":"https:\/\/plicplac.com\/minimizando\/menos-e-mais\/vamos-minimizar\/#breadcrumb","itemListElement":[{"@type":"ListItem","position":1,"name":"In\u00edcio","item":"https:\/\/plicplac.com\/minimizando\/"},{"@type":"ListItem","position":2,"name":"Oi 2020&#8230; Vamos Minimizar?"}]},{"@type":"WebSite","@id":"https:\/\/plicplac.com\/minimizando\/#website","url":"https:\/\/plicplac.com\/minimizando\/","name":"Minimizando","description":"","publisher":{"@id":"https:\/\/plicplac.com\/minimizando\/#\/schema\/person\/49afaba77f057a7b6f6ed386f478e1b2"},"potentialAction":[{"@type":"SearchAction","target":{"@type":"EntryPoint","urlTemplate":"https:\/\/plicplac.com\/minimizando\/?s={search_term_string}"},"query-input":"required name=search_term_string"}],"inLanguage":"pt-BR"},{"@type":["Person","Organization"],"@id":"https:\/\/plicplac.com\/minimizando\/#\/schema\/person\/49afaba77f057a7b6f6ed386f478e1b2","name":"Mari Assmann","image":{"@type":"ImageObject","inLanguage":"pt-BR","@id":"https:\/\/plicplac.com\/minimizando\/#\/schema\/person\/image\/","url":"https:\/\/plicplac.com\/minimizando\/wp-content\/uploads\/2020\/01\/mari_assmann.jpg","contentUrl":"https:\/\/plicplac.com\/minimizando\/wp-content\/uploads\/2020\/01\/mari_assmann.jpg","width":666,"height":989,"caption":"Mari Assmann"},"logo":{"@id":"https:\/\/plicplac.com\/minimizando\/#\/schema\/person\/image\/"},"sameAs":["https:\/\/www.minimizando.com.br\/"]}]}},"_links":{"self":[{"href":"https:\/\/plicplac.com\/minimizando\/wp-json\/wp\/v2\/posts\/105"}],"collection":[{"href":"https:\/\/plicplac.com\/minimizando\/wp-json\/wp\/v2\/posts"}],"about":[{"href":"https:\/\/plicplac.com\/minimizando\/wp-json\/wp\/v2\/types\/post"}],"author":[{"embeddable":true,"href":"https:\/\/plicplac.com\/minimizando\/wp-json\/wp\/v2\/users\/1"}],"replies":[{"embeddable":true,"href":"https:\/\/plicplac.com\/minimizando\/wp-json\/wp\/v2\/comments?post=105"}],"version-history":[{"count":5,"href":"https:\/\/plicplac.com\/minimizando\/wp-json\/wp\/v2\/posts\/105\/revisions"}],"predecessor-version":[{"id":428,"href":"https:\/\/plicplac.com\/minimizando\/wp-json\/wp\/v2\/posts\/105\/revisions\/428"}],"wp:attachment":[{"href":"https:\/\/plicplac.com\/minimizando\/wp-json\/wp\/v2\/media?parent=105"}],"wp:term":[{"taxonomy":"category","embeddable":true,"href":"https:\/\/plicplac.com\/minimizando\/wp-json\/wp\/v2\/categories?post=105"},{"taxonomy":"post_tag","embeddable":true,"href":"https:\/\/plicplac.com\/minimizando\/wp-json\/wp\/v2\/tags?post=105"}],"curies":[{"name":"wp","href":"https:\/\/api.w.org\/{rel}","templated":true}]}}