{"id":431,"date":"2023-07-27T15:09:32","date_gmt":"2023-07-27T18:09:32","guid":{"rendered":"https:\/\/plicplac.com\/minimizando\/?p=431"},"modified":"2023-07-27T15:10:48","modified_gmt":"2023-07-27T18:10:48","slug":"compostagem-em-porto-alegre","status":"publish","type":"post","link":"https:\/\/plicplac.com\/minimizando\/cotidiano\/compostagem-em-porto-alegre\/","title":{"rendered":"Compostagem em Porto Alegre"},"content":{"rendered":"<div class=\"wp-block-image\">\n<figure class=\"aligncenter size-large\"><img decoding=\"async\" loading=\"lazy\" width=\"800\" height=\"800\" src=\"https:\/\/plicplac.com\/minimizando\/wp-content\/uploads\/2023\/07\/compostagem-minhoca-urbana-800x800.jpeg\" alt=\"Compostagem em Porto Alegre\" class=\"wp-image-432\" srcset=\"https:\/\/plicplac.com\/minimizando\/wp-content\/uploads\/2023\/07\/compostagem-minhoca-urbana-800x800.jpeg 800w, https:\/\/plicplac.com\/minimizando\/wp-content\/uploads\/2023\/07\/compostagem-minhoca-urbana-768x768.jpeg 768w, https:\/\/plicplac.com\/minimizando\/wp-content\/uploads\/2023\/07\/compostagem-minhoca-urbana-120x120.jpeg 120w, https:\/\/plicplac.com\/minimizando\/wp-content\/uploads\/2023\/07\/compostagem-minhoca-urbana.jpeg 1440w\" sizes=\"(max-width: 800px) 100vw, 800px\" \/><\/figure><\/div>\n\n\n<p>Uma dica para quem \u00e9 de Porto Alegre e quer compostar seu res\u00edduo org\u00e2nico: <a href=\"https:\/\/www.minhocaurbana.eco.br\/\" target=\"_blank\" rel=\"noreferrer noopener\">Minhoca Urbana<\/a>!<\/p>\n\n\n\n<p>Ganhamos um baldinho para colocar nosso res\u00edduo e toda semana eles <em>(o Bruno)<\/em> passam para recolher e deixam um novo saquinho compost\u00e1vel.<\/p>\n\n\n\n<p>Tamb\u00e9m recebemos um baldinho com serragem para ir intercalando com o res\u00edduo <em>(reduzindo assim o cheiro que mal tem)<\/em>.<\/p>\n\n\n<div class=\"wp-block-image\">\n<figure class=\"aligncenter size-large\"><img decoding=\"async\" loading=\"lazy\" width=\"800\" height=\"800\" src=\"https:\/\/plicplac.com\/minimizando\/wp-content\/uploads\/2023\/07\/relatorio-compostagen-junho-2023-800x800.jpeg\" alt=\"\" class=\"wp-image-434\" srcset=\"https:\/\/plicplac.com\/minimizando\/wp-content\/uploads\/2023\/07\/relatorio-compostagen-junho-2023-800x800.jpeg 800w, https:\/\/plicplac.com\/minimizando\/wp-content\/uploads\/2023\/07\/relatorio-compostagen-junho-2023-768x768.jpeg 768w, https:\/\/plicplac.com\/minimizando\/wp-content\/uploads\/2023\/07\/relatorio-compostagen-junho-2023-120x120.jpeg 120w, https:\/\/plicplac.com\/minimizando\/wp-content\/uploads\/2023\/07\/relatorio-compostagen-junho-2023.jpeg 1080w\" sizes=\"(max-width: 800px) 100vw, 800px\" \/><figcaption class=\"wp-element-caption\">relat\u00f3rio mensal do quanto compostamos<\/figcaption><\/figure><\/div>\n\n\n<h2 class=\"wp-block-heading\">Fica a dica se voc\u00ea n\u00e3o pode compostar em casa,<br>mas deseja diminuir a sua gera\u00e7\u00e3o de lixo!<\/h2>\n\n\n\n<figure class=\"wp-block-video aligncenter\"><video controls src=\"https:\/\/plicplac.com\/minimizando\/wp-content\/uploads\/2023\/07\/relatorio-compostagem-minhoca-urbana.mp4\"><\/video><\/figure>\n\n\n\n<p><strong>MAIS INFORMA\u00c7\u00d5ES:<\/strong><br>Site: <a href=\"https:\/\/www.minhocaurbana.eco.br\/\" target=\"_blank\" rel=\"noreferrer noopener\">www.minhocaurbana.eco.br<\/a><br>Instagram: <a href=\"https:\/\/www.instagram.com\/minhocaurbana\/\" target=\"_blank\" rel=\"noreferrer noopener\">@minhocaurbana<\/a><\/p>\n","protected":false},"excerpt":{"rendered":"<p>Uma dica para quem \u00e9 de Porto Alegre e quer compostar seu res\u00edduo org\u00e2nico: Minhoca Urbana! Ganhamos um baldinho para colocar nosso res\u00edduo e toda semana eles (o Bruno) passam para recolher e deixam um novo saquinho compost\u00e1vel. Tamb\u00e9m recebemos um baldinho com serragem para ir intercalando com o res\u00edduo (reduzindo assim o cheiro que [&hellip;]<\/p>\n","protected":false},"author":1,"featured_media":432,"comment_status":"open","ping_status":"open","sticky":false,"template":"","format":"standard","meta":[],"categories":[32],"tags":[44,45,46],"yoast_head":"<!-- This site is optimized with the Yoast SEO plugin v20.12 - https:\/\/yoast.com\/wordpress\/plugins\/seo\/ -->\n<title>Compostagem em Porto Alegre - Minimizando<\/title>\n<meta name=\"robots\" content=\"index, follow, max-snippet:-1, max-image-preview:large, max-video-preview:-1\" \/>\n<link rel=\"canonical\" href=\"https:\/\/plicplac.com\/minimizando\/cotidiano\/compostagem-em-porto-alegre\/\" \/>\n<meta property=\"og:locale\" content=\"pt_BR\" \/>\n<meta property=\"og:type\" content=\"article\" \/>\n<meta property=\"og:title\" content=\"Compostagem em Porto Alegre - Minimizando\" \/>\n<meta property=\"og:description\" content=\"Uma dica para quem \u00e9 de Porto Alegre e quer compostar seu res\u00edduo org\u00e2nico: Minhoca Urbana! Ganhamos um baldinho para colocar nosso res\u00edduo e toda semana eles (o Bruno) passam para recolher e deixam um novo saquinho compost\u00e1vel. Tamb\u00e9m recebemos um baldinho com serragem para ir intercalando com o res\u00edduo (reduzindo assim o cheiro que [&hellip;]\" \/>\n<meta property=\"og:url\" content=\"https:\/\/plicplac.com\/minimizando\/cotidiano\/compostagem-em-porto-alegre\/\" \/>\n<meta property=\"og:site_name\" content=\"Minimizando\" \/>\n<meta property=\"article:published_time\" content=\"2023-07-27T18:09:32+00:00\" \/>\n<meta property=\"article:modified_time\" content=\"2023-07-27T18:10:48+00:00\" \/>\n<meta property=\"og:image\" content=\"https:\/\/plicplac.com\/minimizando\/wp-content\/uploads\/2023\/07\/compostagem-minhoca-urbana.jpeg\" \/>\n\t<meta property=\"og:image:width\" content=\"1440\" \/>\n\t<meta property=\"og:image:height\" content=\"1440\" \/>\n\t<meta property=\"og:image:type\" content=\"image\/jpeg\" \/>\n<meta name=\"author\" content=\"Mari Assmann\" \/>\n<meta name=\"twitter:card\" content=\"summary_large_image\" \/>\n<meta name=\"twitter:label1\" content=\"Escrito por\" \/>\n\t<meta name=\"twitter:data1\" content=\"Mari Assmann\" \/>\n\t<meta name=\"twitter:label2\" content=\"Est. tempo de leitura\" \/>\n\t<meta name=\"twitter:data2\" content=\"1 minuto\" \/>\n<script type=\"application\/ld+json\" class=\"yoast-schema-graph\">{\"@context\":\"https:\/\/schema.org\",\"@graph\":[{\"@type\":\"Article\",\"@id\":\"https:\/\/plicplac.com\/minimizando\/cotidiano\/compostagem-em-porto-alegre\/#article\",\"isPartOf\":{\"@id\":\"https:\/\/plicplac.com\/minimizando\/cotidiano\/compostagem-em-porto-alegre\/\"},\"author\":{\"name\":\"Mari Assmann\",\"@id\":\"https:\/\/plicplac.com\/minimizando\/#\/schema\/person\/49afaba77f057a7b6f6ed386f478e1b2\"},\"headline\":\"Compostagem em Porto Alegre\",\"datePublished\":\"2023-07-27T18:09:32+00:00\",\"dateModified\":\"2023-07-27T18:10:48+00:00\",\"mainEntityOfPage\":{\"@id\":\"https:\/\/plicplac.com\/minimizando\/cotidiano\/compostagem-em-porto-alegre\/\"},\"wordCount\":102,\"commentCount\":0,\"publisher\":{\"@id\":\"https:\/\/plicplac.com\/minimizando\/#\/schema\/person\/49afaba77f057a7b6f6ed386f478e1b2\"},\"keywords\":[\"Compostagem\",\"Minhoca Urbana\",\"Res\u00edduos Org\u00e2nicos\"],\"articleSection\":[\"Cotidiano\"],\"inLanguage\":\"pt-BR\",\"potentialAction\":[{\"@type\":\"CommentAction\",\"name\":\"Comment\",\"target\":[\"https:\/\/plicplac.com\/minimizando\/cotidiano\/compostagem-em-porto-alegre\/#respond\"]}]},{\"@type\":\"WebPage\",\"@id\":\"https:\/\/plicplac.com\/minimizando\/cotidiano\/compostagem-em-porto-alegre\/\",\"url\":\"https:\/\/plicplac.com\/minimizando\/cotidiano\/compostagem-em-porto-alegre\/\",\"name\":\"Compostagem em Porto Alegre - Minimizando\",\"isPartOf\":{\"@id\":\"https:\/\/plicplac.com\/minimizando\/#website\"},\"datePublished\":\"2023-07-27T18:09:32+00:00\",\"dateModified\":\"2023-07-27T18:10:48+00:00\",\"breadcrumb\":{\"@id\":\"https:\/\/plicplac.com\/minimizando\/cotidiano\/compostagem-em-porto-alegre\/#breadcrumb\"},\"inLanguage\":\"pt-BR\",\"potentialAction\":[{\"@type\":\"ReadAction\",\"target\":[\"https:\/\/plicplac.com\/minimizando\/cotidiano\/compostagem-em-porto-alegre\/\"]}]},{\"@type\":\"BreadcrumbList\",\"@id\":\"https:\/\/plicplac.com\/minimizando\/cotidiano\/compostagem-em-porto-alegre\/#breadcrumb\",\"itemListElement\":[{\"@type\":\"ListItem\",\"position\":1,\"name\":\"In\u00edcio\",\"item\":\"https:\/\/plicplac.com\/minimizando\/\"},{\"@type\":\"ListItem\",\"position\":2,\"name\":\"Compostagem em Porto Alegre\"}]},{\"@type\":\"WebSite\",\"@id\":\"https:\/\/plicplac.com\/minimizando\/#website\",\"url\":\"https:\/\/plicplac.com\/minimizando\/\",\"name\":\"Minimizando\",\"description\":\"\",\"publisher\":{\"@id\":\"https:\/\/plicplac.com\/minimizando\/#\/schema\/person\/49afaba77f057a7b6f6ed386f478e1b2\"},\"potentialAction\":[{\"@type\":\"SearchAction\",\"target\":{\"@type\":\"EntryPoint\",\"urlTemplate\":\"https:\/\/plicplac.com\/minimizando\/?s={search_term_string}\"},\"query-input\":\"required name=search_term_string\"}],\"inLanguage\":\"pt-BR\"},{\"@type\":[\"Person\",\"Organization\"],\"@id\":\"https:\/\/plicplac.com\/minimizando\/#\/schema\/person\/49afaba77f057a7b6f6ed386f478e1b2\",\"name\":\"Mari Assmann\",\"image\":{\"@type\":\"ImageObject\",\"inLanguage\":\"pt-BR\",\"@id\":\"https:\/\/plicplac.com\/minimizando\/#\/schema\/person\/image\/\",\"url\":\"https:\/\/plicplac.com\/minimizando\/wp-content\/uploads\/2020\/01\/mari_assmann.jpg\",\"contentUrl\":\"https:\/\/plicplac.com\/minimizando\/wp-content\/uploads\/2020\/01\/mari_assmann.jpg\",\"width\":666,\"height\":989,\"caption\":\"Mari Assmann\"},\"logo\":{\"@id\":\"https:\/\/plicplac.com\/minimizando\/#\/schema\/person\/image\/\"},\"sameAs\":[\"https:\/\/www.minimizando.com.br\/\"]}]}<\/script>\n<!-- \/ Yoast SEO plugin. -->","yoast_head_json":{"title":"Compostagem em Porto Alegre - Minimizando","robots":{"index":"index","follow":"follow","max-snippet":"max-snippet:-1","max-image-preview":"max-image-preview:large","max-video-preview":"max-video-preview:-1"},"canonical":"https:\/\/plicplac.com\/minimizando\/cotidiano\/compostagem-em-porto-alegre\/","og_locale":"pt_BR","og_type":"article","og_title":"Compostagem em Porto Alegre - Minimizando","og_description":"Uma dica para quem \u00e9 de Porto Alegre e quer compostar seu res\u00edduo org\u00e2nico: Minhoca Urbana! Ganhamos um baldinho para colocar nosso res\u00edduo e toda semana eles (o Bruno) passam para recolher e deixam um novo saquinho compost\u00e1vel. Tamb\u00e9m recebemos um baldinho com serragem para ir intercalando com o res\u00edduo (reduzindo assim o cheiro que [&hellip;]","og_url":"https:\/\/plicplac.com\/minimizando\/cotidiano\/compostagem-em-porto-alegre\/","og_site_name":"Minimizando","article_published_time":"2023-07-27T18:09:32+00:00","article_modified_time":"2023-07-27T18:10:48+00:00","og_image":[{"width":1440,"height":1440,"url":"https:\/\/plicplac.com\/minimizando\/wp-content\/uploads\/2023\/07\/compostagem-minhoca-urbana.jpeg","type":"image\/jpeg"}],"author":"Mari Assmann","twitter_card":"summary_large_image","twitter_misc":{"Escrito por":"Mari Assmann","Est. tempo de leitura":"1 minuto"},"schema":{"@context":"https:\/\/schema.org","@graph":[{"@type":"Article","@id":"https:\/\/plicplac.com\/minimizando\/cotidiano\/compostagem-em-porto-alegre\/#article","isPartOf":{"@id":"https:\/\/plicplac.com\/minimizando\/cotidiano\/compostagem-em-porto-alegre\/"},"author":{"name":"Mari Assmann","@id":"https:\/\/plicplac.com\/minimizando\/#\/schema\/person\/49afaba77f057a7b6f6ed386f478e1b2"},"headline":"Compostagem em Porto Alegre","datePublished":"2023-07-27T18:09:32+00:00","dateModified":"2023-07-27T18:10:48+00:00","mainEntityOfPage":{"@id":"https:\/\/plicplac.com\/minimizando\/cotidiano\/compostagem-em-porto-alegre\/"},"wordCount":102,"commentCount":0,"publisher":{"@id":"https:\/\/plicplac.com\/minimizando\/#\/schema\/person\/49afaba77f057a7b6f6ed386f478e1b2"},"keywords":["Compostagem","Minhoca Urbana","Res\u00edduos Org\u00e2nicos"],"articleSection":["Cotidiano"],"inLanguage":"pt-BR","potentialAction":[{"@type":"CommentAction","name":"Comment","target":["https:\/\/plicplac.com\/minimizando\/cotidiano\/compostagem-em-porto-alegre\/#respond"]}]},{"@type":"WebPage","@id":"https:\/\/plicplac.com\/minimizando\/cotidiano\/compostagem-em-porto-alegre\/","url":"https:\/\/plicplac.com\/minimizando\/cotidiano\/compostagem-em-porto-alegre\/","name":"Compostagem em Porto Alegre - Minimizando","isPartOf":{"@id":"https:\/\/plicplac.com\/minimizando\/#website"},"datePublished":"2023-07-27T18:09:32+00:00","dateModified":"2023-07-27T18:10:48+00:00","breadcrumb":{"@id":"https:\/\/plicplac.com\/minimizando\/cotidiano\/compostagem-em-porto-alegre\/#breadcrumb"},"inLanguage":"pt-BR","potentialAction":[{"@type":"ReadAction","target":["https:\/\/plicplac.com\/minimizando\/cotidiano\/compostagem-em-porto-alegre\/"]}]},{"@type":"BreadcrumbList","@id":"https:\/\/plicplac.com\/minimizando\/cotidiano\/compostagem-em-porto-alegre\/#breadcrumb","itemListElement":[{"@type":"ListItem","position":1,"name":"In\u00edcio","item":"https:\/\/plicplac.com\/minimizando\/"},{"@type":"ListItem","position":2,"name":"Compostagem em Porto Alegre"}]},{"@type":"WebSite","@id":"https:\/\/plicplac.com\/minimizando\/#website","url":"https:\/\/plicplac.com\/minimizando\/","name":"Minimizando","description":"","publisher":{"@id":"https:\/\/plicplac.com\/minimizando\/#\/schema\/person\/49afaba77f057a7b6f6ed386f478e1b2"},"potentialAction":[{"@type":"SearchAction","target":{"@type":"EntryPoint","urlTemplate":"https:\/\/plicplac.com\/minimizando\/?s={search_term_string}"},"query-input":"required name=search_term_string"}],"inLanguage":"pt-BR"},{"@type":["Person","Organization"],"@id":"https:\/\/plicplac.com\/minimizando\/#\/schema\/person\/49afaba77f057a7b6f6ed386f478e1b2","name":"Mari Assmann","image":{"@type":"ImageObject","inLanguage":"pt-BR","@id":"https:\/\/plicplac.com\/minimizando\/#\/schema\/person\/image\/","url":"https:\/\/plicplac.com\/minimizando\/wp-content\/uploads\/2020\/01\/mari_assmann.jpg","contentUrl":"https:\/\/plicplac.com\/minimizando\/wp-content\/uploads\/2020\/01\/mari_assmann.jpg","width":666,"height":989,"caption":"Mari Assmann"},"logo":{"@id":"https:\/\/plicplac.com\/minimizando\/#\/schema\/person\/image\/"},"sameAs":["https:\/\/www.minimizando.com.br\/"]}]}},"_links":{"self":[{"href":"https:\/\/plicplac.com\/minimizando\/wp-json\/wp\/v2\/posts\/431"}],"collection":[{"href":"https:\/\/plicplac.com\/minimizando\/wp-json\/wp\/v2\/posts"}],"about":[{"href":"https:\/\/plicplac.com\/minimizando\/wp-json\/wp\/v2\/types\/post"}],"author":[{"embeddable":true,"href":"https:\/\/plicplac.com\/minimizando\/wp-json\/wp\/v2\/users\/1"}],"replies":[{"embeddable":true,"href":"https:\/\/plicplac.com\/minimizando\/wp-json\/wp\/v2\/comments?post=431"}],"version-history":[{"count":3,"href":"https:\/\/plicplac.com\/minimizando\/wp-json\/wp\/v2\/posts\/431\/revisions"}],"predecessor-version":[{"id":437,"href":"https:\/\/plicplac.com\/minimizando\/wp-json\/wp\/v2\/posts\/431\/revisions\/437"}],"wp:featuredmedia":[{"embeddable":true,"href":"https:\/\/plicplac.com\/minimizando\/wp-json\/wp\/v2\/media\/432"}],"wp:attachment":[{"href":"https:\/\/plicplac.com\/minimizando\/wp-json\/wp\/v2\/media?parent=431"}],"wp:term":[{"taxonomy":"category","embeddable":true,"href":"https:\/\/plicplac.com\/minimizando\/wp-json\/wp\/v2\/categories?post=431"},{"taxonomy":"post_tag","embeddable":true,"href":"https:\/\/plicplac.com\/minimizando\/wp-json\/wp\/v2\/tags?post=431"}],"curies":[{"name":"wp","href":"https:\/\/api.w.org\/{rel}","templated":true}]}}