{"id":438,"date":"2020-07-06T15:12:00","date_gmt":"2020-07-06T18:12:00","guid":{"rendered":"https:\/\/plicplac.com\/minimizando\/?p=438"},"modified":"2023-07-27T15:16:33","modified_gmt":"2023-07-27T18:16:33","slug":"sobre-lencos-de-pano","status":"publish","type":"post","link":"https:\/\/plicplac.com\/minimizando\/eco-friendly\/sobre-lencos-de-pano\/","title":{"rendered":"Sobre Len\u00e7os de Pano"},"content":{"rendered":"<div class=\"wp-block-image\">\n<figure class=\"aligncenter size-full\"><img decoding=\"async\" loading=\"lazy\" width=\"1440\" height=\"1440\" src=\"https:\/\/plicplac.com\/minimizando\/wp-content\/uploads\/2023\/07\/lencos-de-pano.jpeg\" alt=\"\" class=\"wp-image-439\" srcset=\"https:\/\/plicplac.com\/minimizando\/wp-content\/uploads\/2023\/07\/lencos-de-pano.jpeg 1440w, https:\/\/plicplac.com\/minimizando\/wp-content\/uploads\/2023\/07\/lencos-de-pano-800x800.jpeg 800w, https:\/\/plicplac.com\/minimizando\/wp-content\/uploads\/2023\/07\/lencos-de-pano-768x768.jpeg 768w, https:\/\/plicplac.com\/minimizando\/wp-content\/uploads\/2023\/07\/lencos-de-pano-120x120.jpeg 120w\" sizes=\"(max-width: 1440px) 100vw, 1440px\" \/><\/figure><\/div>\n\n\n<p><strong>Len\u00e7os de pano lembram meu av\u00f3. Ele sempre carregava um no bolso.<\/strong><\/p>\n\n\n\n<p>J\u00e1 eu, sempre com len\u00e7o de papel descart\u00e1vel. Por vezes em embalagem de papel <em>(com pl\u00e1stico)<\/em> ou em embalagem de pl\u00e1stico. <\/p>\n\n\n\n<p>Um lixo e um uso de recurso desnecess\u00e1rio. <em>O quanto de qu\u00edmico ser\u00e1 que \u00e9 usado para deixar as folhas macias e brancas? Quanto de \u00e1gua \u00e9 usado pra fabricar o que no final vai parar no lixo?<\/em><\/p>\n\n\n\n<p>Se questionar sobre o processo de produ\u00e7\u00e3o das coisas que a gente usa sem pensar pode ser assustador. Mas da\u00ed a gente volta l\u00e1 tr\u00e1s&#8230; E percebe que sempre teve uma solu\u00e7\u00e3o &#8211; n\u00e3o necessariamente mais f\u00e1cil, mas que trata nossos recursos com mais respeito.<\/p>\n\n\n\n<p>Esses len\u00e7os fofos ganhei de presente. S\u00e3o feitos de fibra de bambu. Tenho usado tem mais de um ano e me pergunto porque n\u00e3o comecei a usar antes.<\/p>\n\n\n\n<p><strong>A nossa conveni\u00eancia est\u00e1 custando caro para o planeta.<\/strong> \u00c9 preciso repensar cada pequena atitude e tomar uma atitude. <strong>S\u00f3 depende da gente viver num mundo melhor!<\/strong><\/p>\n","protected":false},"excerpt":{"rendered":"<p>Len\u00e7os de pano lembram meu av\u00f3. Ele sempre carregava um no bolso. J\u00e1 eu, sempre com len\u00e7o de papel descart\u00e1vel. Por vezes em embalagem de papel (com pl\u00e1stico) ou em embalagem de pl\u00e1stico. Um lixo e um uso de recurso desnecess\u00e1rio. O quanto de qu\u00edmico ser\u00e1 que \u00e9 usado para deixar as folhas macias e [&hellip;]<\/p>\n","protected":false},"author":1,"featured_media":0,"comment_status":"open","ping_status":"open","sticky":false,"template":"","format":"standard","meta":[],"categories":[36],"tags":[23,47,48],"yoast_head":"<!-- This site is optimized with the Yoast SEO plugin v20.12 - https:\/\/yoast.com\/wordpress\/plugins\/seo\/ -->\n<title>Sobre Len\u00e7os de Pano - Minimizando<\/title>\n<meta name=\"robots\" content=\"index, follow, max-snippet:-1, max-image-preview:large, max-video-preview:-1\" \/>\n<link rel=\"canonical\" href=\"https:\/\/plicplac.com\/minimizando\/eco-friendly\/sobre-lencos-de-pano\/\" \/>\n<meta property=\"og:locale\" content=\"pt_BR\" \/>\n<meta property=\"og:type\" content=\"article\" \/>\n<meta property=\"og:title\" content=\"Sobre Len\u00e7os de Pano - Minimizando\" \/>\n<meta property=\"og:description\" content=\"Len\u00e7os de pano lembram meu av\u00f3. Ele sempre carregava um no bolso. J\u00e1 eu, sempre com len\u00e7o de papel descart\u00e1vel. Por vezes em embalagem de papel (com pl\u00e1stico) ou em embalagem de pl\u00e1stico. Um lixo e um uso de recurso desnecess\u00e1rio. O quanto de qu\u00edmico ser\u00e1 que \u00e9 usado para deixar as folhas macias e [&hellip;]\" \/>\n<meta property=\"og:url\" content=\"https:\/\/plicplac.com\/minimizando\/eco-friendly\/sobre-lencos-de-pano\/\" \/>\n<meta property=\"og:site_name\" content=\"Minimizando\" \/>\n<meta property=\"article:published_time\" content=\"2020-07-06T18:12:00+00:00\" \/>\n<meta property=\"article:modified_time\" content=\"2023-07-27T18:16:33+00:00\" \/>\n<meta property=\"og:image\" content=\"https:\/\/plicplac.com\/minimizando\/wp-content\/uploads\/2023\/07\/lencos-de-pano.jpeg\" \/>\n<meta name=\"author\" content=\"Mari Assmann\" \/>\n<meta name=\"twitter:card\" content=\"summary_large_image\" \/>\n<meta name=\"twitter:label1\" content=\"Escrito por\" \/>\n\t<meta name=\"twitter:data1\" content=\"Mari Assmann\" \/>\n\t<meta name=\"twitter:label2\" content=\"Est. tempo de leitura\" \/>\n\t<meta name=\"twitter:data2\" content=\"2 minutos\" \/>\n<script type=\"application\/ld+json\" class=\"yoast-schema-graph\">{\"@context\":\"https:\/\/schema.org\",\"@graph\":[{\"@type\":\"Article\",\"@id\":\"https:\/\/plicplac.com\/minimizando\/eco-friendly\/sobre-lencos-de-pano\/#article\",\"isPartOf\":{\"@id\":\"https:\/\/plicplac.com\/minimizando\/eco-friendly\/sobre-lencos-de-pano\/\"},\"author\":{\"name\":\"Mari Assmann\",\"@id\":\"https:\/\/plicplac.com\/minimizando\/#\/schema\/person\/49afaba77f057a7b6f6ed386f478e1b2\"},\"headline\":\"Sobre Len\u00e7os de Pano\",\"datePublished\":\"2020-07-06T18:12:00+00:00\",\"dateModified\":\"2023-07-27T18:16:33+00:00\",\"mainEntityOfPage\":{\"@id\":\"https:\/\/plicplac.com\/minimizando\/eco-friendly\/sobre-lencos-de-pano\/\"},\"wordCount\":189,\"commentCount\":0,\"publisher\":{\"@id\":\"https:\/\/plicplac.com\/minimizando\/#\/schema\/person\/49afaba77f057a7b6f6ed386f478e1b2\"},\"keywords\":[\"Dicas\",\"Len\u00e7os de Pano\",\"Reutilizar\"],\"articleSection\":[\"Eco-Friendly\"],\"inLanguage\":\"pt-BR\",\"potentialAction\":[{\"@type\":\"CommentAction\",\"name\":\"Comment\",\"target\":[\"https:\/\/plicplac.com\/minimizando\/eco-friendly\/sobre-lencos-de-pano\/#respond\"]}]},{\"@type\":\"WebPage\",\"@id\":\"https:\/\/plicplac.com\/minimizando\/eco-friendly\/sobre-lencos-de-pano\/\",\"url\":\"https:\/\/plicplac.com\/minimizando\/eco-friendly\/sobre-lencos-de-pano\/\",\"name\":\"Sobre Len\u00e7os de Pano - Minimizando\",\"isPartOf\":{\"@id\":\"https:\/\/plicplac.com\/minimizando\/#website\"},\"datePublished\":\"2020-07-06T18:12:00+00:00\",\"dateModified\":\"2023-07-27T18:16:33+00:00\",\"breadcrumb\":{\"@id\":\"https:\/\/plicplac.com\/minimizando\/eco-friendly\/sobre-lencos-de-pano\/#breadcrumb\"},\"inLanguage\":\"pt-BR\",\"potentialAction\":[{\"@type\":\"ReadAction\",\"target\":[\"https:\/\/plicplac.com\/minimizando\/eco-friendly\/sobre-lencos-de-pano\/\"]}]},{\"@type\":\"BreadcrumbList\",\"@id\":\"https:\/\/plicplac.com\/minimizando\/eco-friendly\/sobre-lencos-de-pano\/#breadcrumb\",\"itemListElement\":[{\"@type\":\"ListItem\",\"position\":1,\"name\":\"In\u00edcio\",\"item\":\"https:\/\/plicplac.com\/minimizando\/\"},{\"@type\":\"ListItem\",\"position\":2,\"name\":\"Sobre Len\u00e7os de Pano\"}]},{\"@type\":\"WebSite\",\"@id\":\"https:\/\/plicplac.com\/minimizando\/#website\",\"url\":\"https:\/\/plicplac.com\/minimizando\/\",\"name\":\"Minimizando\",\"description\":\"\",\"publisher\":{\"@id\":\"https:\/\/plicplac.com\/minimizando\/#\/schema\/person\/49afaba77f057a7b6f6ed386f478e1b2\"},\"potentialAction\":[{\"@type\":\"SearchAction\",\"target\":{\"@type\":\"EntryPoint\",\"urlTemplate\":\"https:\/\/plicplac.com\/minimizando\/?s={search_term_string}\"},\"query-input\":\"required name=search_term_string\"}],\"inLanguage\":\"pt-BR\"},{\"@type\":[\"Person\",\"Organization\"],\"@id\":\"https:\/\/plicplac.com\/minimizando\/#\/schema\/person\/49afaba77f057a7b6f6ed386f478e1b2\",\"name\":\"Mari Assmann\",\"image\":{\"@type\":\"ImageObject\",\"inLanguage\":\"pt-BR\",\"@id\":\"https:\/\/plicplac.com\/minimizando\/#\/schema\/person\/image\/\",\"url\":\"https:\/\/plicplac.com\/minimizando\/wp-content\/uploads\/2020\/01\/mari_assmann.jpg\",\"contentUrl\":\"https:\/\/plicplac.com\/minimizando\/wp-content\/uploads\/2020\/01\/mari_assmann.jpg\",\"width\":666,\"height\":989,\"caption\":\"Mari Assmann\"},\"logo\":{\"@id\":\"https:\/\/plicplac.com\/minimizando\/#\/schema\/person\/image\/\"},\"sameAs\":[\"https:\/\/www.minimizando.com.br\/\"]}]}<\/script>\n<!-- \/ Yoast SEO plugin. -->","yoast_head_json":{"title":"Sobre Len\u00e7os de Pano - Minimizando","robots":{"index":"index","follow":"follow","max-snippet":"max-snippet:-1","max-image-preview":"max-image-preview:large","max-video-preview":"max-video-preview:-1"},"canonical":"https:\/\/plicplac.com\/minimizando\/eco-friendly\/sobre-lencos-de-pano\/","og_locale":"pt_BR","og_type":"article","og_title":"Sobre Len\u00e7os de Pano - Minimizando","og_description":"Len\u00e7os de pano lembram meu av\u00f3. Ele sempre carregava um no bolso. J\u00e1 eu, sempre com len\u00e7o de papel descart\u00e1vel. Por vezes em embalagem de papel (com pl\u00e1stico) ou em embalagem de pl\u00e1stico. Um lixo e um uso de recurso desnecess\u00e1rio. O quanto de qu\u00edmico ser\u00e1 que \u00e9 usado para deixar as folhas macias e [&hellip;]","og_url":"https:\/\/plicplac.com\/minimizando\/eco-friendly\/sobre-lencos-de-pano\/","og_site_name":"Minimizando","article_published_time":"2020-07-06T18:12:00+00:00","article_modified_time":"2023-07-27T18:16:33+00:00","og_image":[{"url":"https:\/\/plicplac.com\/minimizando\/wp-content\/uploads\/2023\/07\/lencos-de-pano.jpeg"}],"author":"Mari Assmann","twitter_card":"summary_large_image","twitter_misc":{"Escrito por":"Mari Assmann","Est. tempo de leitura":"2 minutos"},"schema":{"@context":"https:\/\/schema.org","@graph":[{"@type":"Article","@id":"https:\/\/plicplac.com\/minimizando\/eco-friendly\/sobre-lencos-de-pano\/#article","isPartOf":{"@id":"https:\/\/plicplac.com\/minimizando\/eco-friendly\/sobre-lencos-de-pano\/"},"author":{"name":"Mari Assmann","@id":"https:\/\/plicplac.com\/minimizando\/#\/schema\/person\/49afaba77f057a7b6f6ed386f478e1b2"},"headline":"Sobre Len\u00e7os de Pano","datePublished":"2020-07-06T18:12:00+00:00","dateModified":"2023-07-27T18:16:33+00:00","mainEntityOfPage":{"@id":"https:\/\/plicplac.com\/minimizando\/eco-friendly\/sobre-lencos-de-pano\/"},"wordCount":189,"commentCount":0,"publisher":{"@id":"https:\/\/plicplac.com\/minimizando\/#\/schema\/person\/49afaba77f057a7b6f6ed386f478e1b2"},"keywords":["Dicas","Len\u00e7os de Pano","Reutilizar"],"articleSection":["Eco-Friendly"],"inLanguage":"pt-BR","potentialAction":[{"@type":"CommentAction","name":"Comment","target":["https:\/\/plicplac.com\/minimizando\/eco-friendly\/sobre-lencos-de-pano\/#respond"]}]},{"@type":"WebPage","@id":"https:\/\/plicplac.com\/minimizando\/eco-friendly\/sobre-lencos-de-pano\/","url":"https:\/\/plicplac.com\/minimizando\/eco-friendly\/sobre-lencos-de-pano\/","name":"Sobre Len\u00e7os de Pano - Minimizando","isPartOf":{"@id":"https:\/\/plicplac.com\/minimizando\/#website"},"datePublished":"2020-07-06T18:12:00+00:00","dateModified":"2023-07-27T18:16:33+00:00","breadcrumb":{"@id":"https:\/\/plicplac.com\/minimizando\/eco-friendly\/sobre-lencos-de-pano\/#breadcrumb"},"inLanguage":"pt-BR","potentialAction":[{"@type":"ReadAction","target":["https:\/\/plicplac.com\/minimizando\/eco-friendly\/sobre-lencos-de-pano\/"]}]},{"@type":"BreadcrumbList","@id":"https:\/\/plicplac.com\/minimizando\/eco-friendly\/sobre-lencos-de-pano\/#breadcrumb","itemListElement":[{"@type":"ListItem","position":1,"name":"In\u00edcio","item":"https:\/\/plicplac.com\/minimizando\/"},{"@type":"ListItem","position":2,"name":"Sobre Len\u00e7os de Pano"}]},{"@type":"WebSite","@id":"https:\/\/plicplac.com\/minimizando\/#website","url":"https:\/\/plicplac.com\/minimizando\/","name":"Minimizando","description":"","publisher":{"@id":"https:\/\/plicplac.com\/minimizando\/#\/schema\/person\/49afaba77f057a7b6f6ed386f478e1b2"},"potentialAction":[{"@type":"SearchAction","target":{"@type":"EntryPoint","urlTemplate":"https:\/\/plicplac.com\/minimizando\/?s={search_term_string}"},"query-input":"required name=search_term_string"}],"inLanguage":"pt-BR"},{"@type":["Person","Organization"],"@id":"https:\/\/plicplac.com\/minimizando\/#\/schema\/person\/49afaba77f057a7b6f6ed386f478e1b2","name":"Mari Assmann","image":{"@type":"ImageObject","inLanguage":"pt-BR","@id":"https:\/\/plicplac.com\/minimizando\/#\/schema\/person\/image\/","url":"https:\/\/plicplac.com\/minimizando\/wp-content\/uploads\/2020\/01\/mari_assmann.jpg","contentUrl":"https:\/\/plicplac.com\/minimizando\/wp-content\/uploads\/2020\/01\/mari_assmann.jpg","width":666,"height":989,"caption":"Mari Assmann"},"logo":{"@id":"https:\/\/plicplac.com\/minimizando\/#\/schema\/person\/image\/"},"sameAs":["https:\/\/www.minimizando.com.br\/"]}]}},"_links":{"self":[{"href":"https:\/\/plicplac.com\/minimizando\/wp-json\/wp\/v2\/posts\/438"}],"collection":[{"href":"https:\/\/plicplac.com\/minimizando\/wp-json\/wp\/v2\/posts"}],"about":[{"href":"https:\/\/plicplac.com\/minimizando\/wp-json\/wp\/v2\/types\/post"}],"author":[{"embeddable":true,"href":"https:\/\/plicplac.com\/minimizando\/wp-json\/wp\/v2\/users\/1"}],"replies":[{"embeddable":true,"href":"https:\/\/plicplac.com\/minimizando\/wp-json\/wp\/v2\/comments?post=438"}],"version-history":[{"count":2,"href":"https:\/\/plicplac.com\/minimizando\/wp-json\/wp\/v2\/posts\/438\/revisions"}],"predecessor-version":[{"id":441,"href":"https:\/\/plicplac.com\/minimizando\/wp-json\/wp\/v2\/posts\/438\/revisions\/441"}],"wp:attachment":[{"href":"https:\/\/plicplac.com\/minimizando\/wp-json\/wp\/v2\/media?parent=438"}],"wp:term":[{"taxonomy":"category","embeddable":true,"href":"https:\/\/plicplac.com\/minimizando\/wp-json\/wp\/v2\/categories?post=438"},{"taxonomy":"post_tag","embeddable":true,"href":"https:\/\/plicplac.com\/minimizando\/wp-json\/wp\/v2\/tags?post=438"}],"curies":[{"name":"wp","href":"https:\/\/api.w.org\/{rel}","templated":true}]}}