{"id":442,"date":"2023-07-27T15:20:51","date_gmt":"2023-07-27T18:20:51","guid":{"rendered":"https:\/\/plicplac.com\/minimizando\/?p=442"},"modified":"2023-07-27T15:22:12","modified_gmt":"2023-07-27T18:22:12","slug":"embalagens-plasticas-evite-cortar-tudo","status":"publish","type":"post","link":"https:\/\/plicplac.com\/minimizando\/cotidiano\/embalagens-plasticas-evite-cortar-tudo\/","title":{"rendered":"Embalagens Pl\u00e1sticas: Evite Cortar Tudo!"},"content":{"rendered":"<div class=\"wp-block-image\">\n<figure class=\"aligncenter size-full\"><img decoding=\"async\" loading=\"lazy\" width=\"901\" height=\"901\" src=\"https:\/\/plicplac.com\/minimizando\/wp-content\/uploads\/2023\/07\/nao-corte-toda-a-embalagem.jpeg\" alt=\"\" class=\"wp-image-443\" srcset=\"https:\/\/plicplac.com\/minimizando\/wp-content\/uploads\/2023\/07\/nao-corte-toda-a-embalagem.jpeg 901w, https:\/\/plicplac.com\/minimizando\/wp-content\/uploads\/2023\/07\/nao-corte-toda-a-embalagem-800x800.jpeg 800w, https:\/\/plicplac.com\/minimizando\/wp-content\/uploads\/2023\/07\/nao-corte-toda-a-embalagem-768x768.jpeg 768w, https:\/\/plicplac.com\/minimizando\/wp-content\/uploads\/2023\/07\/nao-corte-toda-a-embalagem-120x120.jpeg 120w\" sizes=\"(max-width: 901px) 100vw, 901px\" \/><\/figure><\/div>\n\n\n<p>Dica bem simples que aprendi com uma colega de curso: quando for abrir embalagens recicl\u00e1veis, <strong>evite fazer o corte at\u00e9 o final<\/strong>, assim voc\u00ea garante que a embalagem vai ser reciclada por completo &#8211; e que essa mini tira n\u00e3o vai se perder por a\u00ed!\u00a0<\/p>\n","protected":false},"excerpt":{"rendered":"<p>Dica bem simples que aprendi com uma colega de curso: quando for abrir embalagens recicl\u00e1veis, evite fazer o corte at\u00e9 o final, assim voc\u00ea garante que a embalagem vai ser reciclada por completo &#8211; e que essa mini tira n\u00e3o vai se perder por a\u00ed!\u00a0<\/p>\n","protected":false},"author":1,"featured_media":0,"comment_status":"open","ping_status":"open","sticky":false,"template":"","format":"standard","meta":[],"categories":[32],"tags":[23,49],"yoast_head":"<!-- This site is optimized with the Yoast SEO plugin v20.12 - https:\/\/yoast.com\/wordpress\/plugins\/seo\/ -->\n<title>Embalagens Pl\u00e1sticas: Evite Cortar Tudo! - Minimizando<\/title>\n<meta name=\"robots\" content=\"index, follow, max-snippet:-1, max-image-preview:large, max-video-preview:-1\" \/>\n<link rel=\"canonical\" href=\"https:\/\/plicplac.com\/minimizando\/cotidiano\/embalagens-plasticas-evite-cortar-tudo\/\" \/>\n<meta property=\"og:locale\" content=\"pt_BR\" \/>\n<meta property=\"og:type\" content=\"article\" \/>\n<meta property=\"og:title\" content=\"Embalagens Pl\u00e1sticas: Evite Cortar Tudo! - Minimizando\" \/>\n<meta property=\"og:description\" content=\"Dica bem simples que aprendi com uma colega de curso: quando for abrir embalagens recicl\u00e1veis, evite fazer o corte at\u00e9 o final, assim voc\u00ea garante que a embalagem vai ser reciclada por completo &#8211; e que essa mini tira n\u00e3o vai se perder por a\u00ed!\u00a0\" \/>\n<meta property=\"og:url\" content=\"https:\/\/plicplac.com\/minimizando\/cotidiano\/embalagens-plasticas-evite-cortar-tudo\/\" \/>\n<meta property=\"og:site_name\" content=\"Minimizando\" \/>\n<meta property=\"article:published_time\" content=\"2023-07-27T18:20:51+00:00\" \/>\n<meta property=\"article:modified_time\" content=\"2023-07-27T18:22:12+00:00\" \/>\n<meta property=\"og:image\" content=\"https:\/\/plicplac.com\/minimizando\/wp-content\/uploads\/2023\/07\/nao-corte-toda-a-embalagem.jpeg\" \/>\n<meta name=\"author\" content=\"Mari Assmann\" \/>\n<meta name=\"twitter:card\" content=\"summary_large_image\" \/>\n<meta name=\"twitter:label1\" content=\"Escrito por\" \/>\n\t<meta name=\"twitter:data1\" content=\"Mari Assmann\" \/>\n\t<meta name=\"twitter:label2\" content=\"Est. tempo de leitura\" \/>\n\t<meta name=\"twitter:data2\" content=\"1 minuto\" \/>\n<script type=\"application\/ld+json\" class=\"yoast-schema-graph\">{\"@context\":\"https:\/\/schema.org\",\"@graph\":[{\"@type\":\"Article\",\"@id\":\"https:\/\/plicplac.com\/minimizando\/cotidiano\/embalagens-plasticas-evite-cortar-tudo\/#article\",\"isPartOf\":{\"@id\":\"https:\/\/plicplac.com\/minimizando\/cotidiano\/embalagens-plasticas-evite-cortar-tudo\/\"},\"author\":{\"name\":\"Mari Assmann\",\"@id\":\"https:\/\/plicplac.com\/minimizando\/#\/schema\/person\/49afaba77f057a7b6f6ed386f478e1b2\"},\"headline\":\"Embalagens Pl\u00e1sticas: Evite Cortar Tudo!\",\"datePublished\":\"2023-07-27T18:20:51+00:00\",\"dateModified\":\"2023-07-27T18:22:12+00:00\",\"mainEntityOfPage\":{\"@id\":\"https:\/\/plicplac.com\/minimizando\/cotidiano\/embalagens-plasticas-evite-cortar-tudo\/\"},\"wordCount\":53,\"commentCount\":0,\"publisher\":{\"@id\":\"https:\/\/plicplac.com\/minimizando\/#\/schema\/person\/49afaba77f057a7b6f6ed386f478e1b2\"},\"keywords\":[\"Dicas\",\"Reciclagem\"],\"articleSection\":[\"Cotidiano\"],\"inLanguage\":\"pt-BR\",\"potentialAction\":[{\"@type\":\"CommentAction\",\"name\":\"Comment\",\"target\":[\"https:\/\/plicplac.com\/minimizando\/cotidiano\/embalagens-plasticas-evite-cortar-tudo\/#respond\"]}]},{\"@type\":\"WebPage\",\"@id\":\"https:\/\/plicplac.com\/minimizando\/cotidiano\/embalagens-plasticas-evite-cortar-tudo\/\",\"url\":\"https:\/\/plicplac.com\/minimizando\/cotidiano\/embalagens-plasticas-evite-cortar-tudo\/\",\"name\":\"Embalagens Pl\u00e1sticas: Evite Cortar Tudo! - Minimizando\",\"isPartOf\":{\"@id\":\"https:\/\/plicplac.com\/minimizando\/#website\"},\"datePublished\":\"2023-07-27T18:20:51+00:00\",\"dateModified\":\"2023-07-27T18:22:12+00:00\",\"breadcrumb\":{\"@id\":\"https:\/\/plicplac.com\/minimizando\/cotidiano\/embalagens-plasticas-evite-cortar-tudo\/#breadcrumb\"},\"inLanguage\":\"pt-BR\",\"potentialAction\":[{\"@type\":\"ReadAction\",\"target\":[\"https:\/\/plicplac.com\/minimizando\/cotidiano\/embalagens-plasticas-evite-cortar-tudo\/\"]}]},{\"@type\":\"BreadcrumbList\",\"@id\":\"https:\/\/plicplac.com\/minimizando\/cotidiano\/embalagens-plasticas-evite-cortar-tudo\/#breadcrumb\",\"itemListElement\":[{\"@type\":\"ListItem\",\"position\":1,\"name\":\"In\u00edcio\",\"item\":\"https:\/\/plicplac.com\/minimizando\/\"},{\"@type\":\"ListItem\",\"position\":2,\"name\":\"Embalagens Pl\u00e1sticas: Evite Cortar Tudo!\"}]},{\"@type\":\"WebSite\",\"@id\":\"https:\/\/plicplac.com\/minimizando\/#website\",\"url\":\"https:\/\/plicplac.com\/minimizando\/\",\"name\":\"Minimizando\",\"description\":\"\",\"publisher\":{\"@id\":\"https:\/\/plicplac.com\/minimizando\/#\/schema\/person\/49afaba77f057a7b6f6ed386f478e1b2\"},\"potentialAction\":[{\"@type\":\"SearchAction\",\"target\":{\"@type\":\"EntryPoint\",\"urlTemplate\":\"https:\/\/plicplac.com\/minimizando\/?s={search_term_string}\"},\"query-input\":\"required name=search_term_string\"}],\"inLanguage\":\"pt-BR\"},{\"@type\":[\"Person\",\"Organization\"],\"@id\":\"https:\/\/plicplac.com\/minimizando\/#\/schema\/person\/49afaba77f057a7b6f6ed386f478e1b2\",\"name\":\"Mari Assmann\",\"image\":{\"@type\":\"ImageObject\",\"inLanguage\":\"pt-BR\",\"@id\":\"https:\/\/plicplac.com\/minimizando\/#\/schema\/person\/image\/\",\"url\":\"https:\/\/plicplac.com\/minimizando\/wp-content\/uploads\/2020\/01\/mari_assmann.jpg\",\"contentUrl\":\"https:\/\/plicplac.com\/minimizando\/wp-content\/uploads\/2020\/01\/mari_assmann.jpg\",\"width\":666,\"height\":989,\"caption\":\"Mari Assmann\"},\"logo\":{\"@id\":\"https:\/\/plicplac.com\/minimizando\/#\/schema\/person\/image\/\"},\"sameAs\":[\"https:\/\/www.minimizando.com.br\/\"]}]}<\/script>\n<!-- \/ Yoast SEO plugin. -->","yoast_head_json":{"title":"Embalagens Pl\u00e1sticas: Evite Cortar Tudo! - Minimizando","robots":{"index":"index","follow":"follow","max-snippet":"max-snippet:-1","max-image-preview":"max-image-preview:large","max-video-preview":"max-video-preview:-1"},"canonical":"https:\/\/plicplac.com\/minimizando\/cotidiano\/embalagens-plasticas-evite-cortar-tudo\/","og_locale":"pt_BR","og_type":"article","og_title":"Embalagens Pl\u00e1sticas: Evite Cortar Tudo! - Minimizando","og_description":"Dica bem simples que aprendi com uma colega de curso: quando for abrir embalagens recicl\u00e1veis, evite fazer o corte at\u00e9 o final, assim voc\u00ea garante que a embalagem vai ser reciclada por completo &#8211; e que essa mini tira n\u00e3o vai se perder por a\u00ed!\u00a0","og_url":"https:\/\/plicplac.com\/minimizando\/cotidiano\/embalagens-plasticas-evite-cortar-tudo\/","og_site_name":"Minimizando","article_published_time":"2023-07-27T18:20:51+00:00","article_modified_time":"2023-07-27T18:22:12+00:00","og_image":[{"url":"https:\/\/plicplac.com\/minimizando\/wp-content\/uploads\/2023\/07\/nao-corte-toda-a-embalagem.jpeg"}],"author":"Mari Assmann","twitter_card":"summary_large_image","twitter_misc":{"Escrito por":"Mari Assmann","Est. tempo de leitura":"1 minuto"},"schema":{"@context":"https:\/\/schema.org","@graph":[{"@type":"Article","@id":"https:\/\/plicplac.com\/minimizando\/cotidiano\/embalagens-plasticas-evite-cortar-tudo\/#article","isPartOf":{"@id":"https:\/\/plicplac.com\/minimizando\/cotidiano\/embalagens-plasticas-evite-cortar-tudo\/"},"author":{"name":"Mari Assmann","@id":"https:\/\/plicplac.com\/minimizando\/#\/schema\/person\/49afaba77f057a7b6f6ed386f478e1b2"},"headline":"Embalagens Pl\u00e1sticas: Evite Cortar Tudo!","datePublished":"2023-07-27T18:20:51+00:00","dateModified":"2023-07-27T18:22:12+00:00","mainEntityOfPage":{"@id":"https:\/\/plicplac.com\/minimizando\/cotidiano\/embalagens-plasticas-evite-cortar-tudo\/"},"wordCount":53,"commentCount":0,"publisher":{"@id":"https:\/\/plicplac.com\/minimizando\/#\/schema\/person\/49afaba77f057a7b6f6ed386f478e1b2"},"keywords":["Dicas","Reciclagem"],"articleSection":["Cotidiano"],"inLanguage":"pt-BR","potentialAction":[{"@type":"CommentAction","name":"Comment","target":["https:\/\/plicplac.com\/minimizando\/cotidiano\/embalagens-plasticas-evite-cortar-tudo\/#respond"]}]},{"@type":"WebPage","@id":"https:\/\/plicplac.com\/minimizando\/cotidiano\/embalagens-plasticas-evite-cortar-tudo\/","url":"https:\/\/plicplac.com\/minimizando\/cotidiano\/embalagens-plasticas-evite-cortar-tudo\/","name":"Embalagens Pl\u00e1sticas: Evite Cortar Tudo! - Minimizando","isPartOf":{"@id":"https:\/\/plicplac.com\/minimizando\/#website"},"datePublished":"2023-07-27T18:20:51+00:00","dateModified":"2023-07-27T18:22:12+00:00","breadcrumb":{"@id":"https:\/\/plicplac.com\/minimizando\/cotidiano\/embalagens-plasticas-evite-cortar-tudo\/#breadcrumb"},"inLanguage":"pt-BR","potentialAction":[{"@type":"ReadAction","target":["https:\/\/plicplac.com\/minimizando\/cotidiano\/embalagens-plasticas-evite-cortar-tudo\/"]}]},{"@type":"BreadcrumbList","@id":"https:\/\/plicplac.com\/minimizando\/cotidiano\/embalagens-plasticas-evite-cortar-tudo\/#breadcrumb","itemListElement":[{"@type":"ListItem","position":1,"name":"In\u00edcio","item":"https:\/\/plicplac.com\/minimizando\/"},{"@type":"ListItem","position":2,"name":"Embalagens Pl\u00e1sticas: Evite Cortar Tudo!"}]},{"@type":"WebSite","@id":"https:\/\/plicplac.com\/minimizando\/#website","url":"https:\/\/plicplac.com\/minimizando\/","name":"Minimizando","description":"","publisher":{"@id":"https:\/\/plicplac.com\/minimizando\/#\/schema\/person\/49afaba77f057a7b6f6ed386f478e1b2"},"potentialAction":[{"@type":"SearchAction","target":{"@type":"EntryPoint","urlTemplate":"https:\/\/plicplac.com\/minimizando\/?s={search_term_string}"},"query-input":"required name=search_term_string"}],"inLanguage":"pt-BR"},{"@type":["Person","Organization"],"@id":"https:\/\/plicplac.com\/minimizando\/#\/schema\/person\/49afaba77f057a7b6f6ed386f478e1b2","name":"Mari Assmann","image":{"@type":"ImageObject","inLanguage":"pt-BR","@id":"https:\/\/plicplac.com\/minimizando\/#\/schema\/person\/image\/","url":"https:\/\/plicplac.com\/minimizando\/wp-content\/uploads\/2020\/01\/mari_assmann.jpg","contentUrl":"https:\/\/plicplac.com\/minimizando\/wp-content\/uploads\/2020\/01\/mari_assmann.jpg","width":666,"height":989,"caption":"Mari Assmann"},"logo":{"@id":"https:\/\/plicplac.com\/minimizando\/#\/schema\/person\/image\/"},"sameAs":["https:\/\/www.minimizando.com.br\/"]}]}},"_links":{"self":[{"href":"https:\/\/plicplac.com\/minimizando\/wp-json\/wp\/v2\/posts\/442"}],"collection":[{"href":"https:\/\/plicplac.com\/minimizando\/wp-json\/wp\/v2\/posts"}],"about":[{"href":"https:\/\/plicplac.com\/minimizando\/wp-json\/wp\/v2\/types\/post"}],"author":[{"embeddable":true,"href":"https:\/\/plicplac.com\/minimizando\/wp-json\/wp\/v2\/users\/1"}],"replies":[{"embeddable":true,"href":"https:\/\/plicplac.com\/minimizando\/wp-json\/wp\/v2\/comments?post=442"}],"version-history":[{"count":3,"href":"https:\/\/plicplac.com\/minimizando\/wp-json\/wp\/v2\/posts\/442\/revisions"}],"predecessor-version":[{"id":447,"href":"https:\/\/plicplac.com\/minimizando\/wp-json\/wp\/v2\/posts\/442\/revisions\/447"}],"wp:attachment":[{"href":"https:\/\/plicplac.com\/minimizando\/wp-json\/wp\/v2\/media?parent=442"}],"wp:term":[{"taxonomy":"category","embeddable":true,"href":"https:\/\/plicplac.com\/minimizando\/wp-json\/wp\/v2\/categories?post=442"},{"taxonomy":"post_tag","embeddable":true,"href":"https:\/\/plicplac.com\/minimizando\/wp-json\/wp\/v2\/tags?post=442"}],"curies":[{"name":"wp","href":"https:\/\/api.w.org\/{rel}","templated":true}]}}