{"id":448,"date":"2023-07-27T15:26:19","date_gmt":"2023-07-27T18:26:19","guid":{"rendered":"https:\/\/plicplac.com\/minimizando\/?p=448"},"modified":"2023-07-27T15:28:04","modified_gmt":"2023-07-27T18:28:04","slug":"descarte-de-pilhas-usadas","status":"publish","type":"post","link":"https:\/\/plicplac.com\/minimizando\/cotidiano\/descarte-de-pilhas-usadas\/","title":{"rendered":"Descarte de Pilhas Usadas"},"content":{"rendered":"<div class=\"wp-block-image\">\n<figure class=\"aligncenter size-full\"><img decoding=\"async\" loading=\"lazy\" width=\"1080\" height=\"1080\" src=\"https:\/\/plicplac.com\/minimizando\/wp-content\/uploads\/2023\/07\/descarte-de-pilhas-usadas.jpeg\" alt=\"\" class=\"wp-image-449\" srcset=\"https:\/\/plicplac.com\/minimizando\/wp-content\/uploads\/2023\/07\/descarte-de-pilhas-usadas.jpeg 1080w, https:\/\/plicplac.com\/minimizando\/wp-content\/uploads\/2023\/07\/descarte-de-pilhas-usadas-800x800.jpeg 800w, https:\/\/plicplac.com\/minimizando\/wp-content\/uploads\/2023\/07\/descarte-de-pilhas-usadas-768x768.jpeg 768w, https:\/\/plicplac.com\/minimizando\/wp-content\/uploads\/2023\/07\/descarte-de-pilhas-usadas-120x120.jpeg 120w\" sizes=\"(max-width: 1080px) 100vw, 1080px\" \/><figcaption class=\"wp-element-caption\">dica: junte uma quantidade maior em um saquinho e leve no mercado para fazer o descarte correto<\/figcaption><\/figure><\/div>\n\n\n<p><em>Voc\u00ea sabia que pilhas e baterias n\u00e3o podem ir para o lixo comum?<\/em><\/p>\n\n\n\n<p>Elas possuem l\u00edquido t\u00f3xico em sua composi\u00e7\u00e3o <em>(que n\u00e3o \u00e9 biodegrad\u00e1vel e n\u00e3o se decomp\u00f5e)<\/em>, com isso o descarte incorreto pode resultar em contamina\u00e7\u00e3o do solo e da \u00e1gua! <\/p>\n\n\n\n<p>Procure por um posto de coleta na sua cidade pois elas podem ser recicladas!<br><strong>Mercados costumam receber elas.<\/strong><\/p>\n","protected":false},"excerpt":{"rendered":"<p>Voc\u00ea sabia que pilhas e baterias n\u00e3o podem ir para o lixo comum? Elas possuem l\u00edquido t\u00f3xico em sua composi\u00e7\u00e3o (que n\u00e3o \u00e9 biodegrad\u00e1vel e n\u00e3o se decomp\u00f5e), com isso o descarte incorreto pode resultar em contamina\u00e7\u00e3o do solo e da \u00e1gua! Procure por um posto de coleta na sua cidade pois elas podem ser [&hellip;]<\/p>\n","protected":false},"author":1,"featured_media":0,"comment_status":"open","ping_status":"open","sticky":false,"template":"","format":"standard","meta":[],"categories":[32],"tags":[50,23],"yoast_head":"<!-- This site is optimized with the Yoast SEO plugin v20.12 - https:\/\/yoast.com\/wordpress\/plugins\/seo\/ -->\n<title>Descarte de Pilhas Usadas - Minimizando<\/title>\n<meta name=\"robots\" content=\"index, follow, max-snippet:-1, max-image-preview:large, max-video-preview:-1\" \/>\n<link rel=\"canonical\" href=\"https:\/\/plicplac.com\/minimizando\/cotidiano\/descarte-de-pilhas-usadas\/\" \/>\n<meta property=\"og:locale\" content=\"pt_BR\" \/>\n<meta property=\"og:type\" content=\"article\" \/>\n<meta property=\"og:title\" content=\"Descarte de Pilhas Usadas - Minimizando\" \/>\n<meta property=\"og:description\" content=\"Voc\u00ea sabia que pilhas e baterias n\u00e3o podem ir para o lixo comum? Elas possuem l\u00edquido t\u00f3xico em sua composi\u00e7\u00e3o (que n\u00e3o \u00e9 biodegrad\u00e1vel e n\u00e3o se decomp\u00f5e), com isso o descarte incorreto pode resultar em contamina\u00e7\u00e3o do solo e da \u00e1gua! Procure por um posto de coleta na sua cidade pois elas podem ser [&hellip;]\" \/>\n<meta property=\"og:url\" content=\"https:\/\/plicplac.com\/minimizando\/cotidiano\/descarte-de-pilhas-usadas\/\" \/>\n<meta property=\"og:site_name\" content=\"Minimizando\" \/>\n<meta property=\"article:published_time\" content=\"2023-07-27T18:26:19+00:00\" \/>\n<meta property=\"article:modified_time\" content=\"2023-07-27T18:28:04+00:00\" \/>\n<meta property=\"og:image\" content=\"https:\/\/plicplac.com\/minimizando\/wp-content\/uploads\/2023\/07\/descarte-de-pilhas-usadas.jpeg\" \/>\n<meta name=\"author\" content=\"Mari Assmann\" \/>\n<meta name=\"twitter:card\" content=\"summary_large_image\" \/>\n<meta name=\"twitter:label1\" content=\"Escrito por\" \/>\n\t<meta name=\"twitter:data1\" content=\"Mari Assmann\" \/>\n\t<meta name=\"twitter:label2\" content=\"Est. tempo de leitura\" \/>\n\t<meta name=\"twitter:data2\" content=\"1 minuto\" \/>\n<script type=\"application\/ld+json\" class=\"yoast-schema-graph\">{\"@context\":\"https:\/\/schema.org\",\"@graph\":[{\"@type\":\"Article\",\"@id\":\"https:\/\/plicplac.com\/minimizando\/cotidiano\/descarte-de-pilhas-usadas\/#article\",\"isPartOf\":{\"@id\":\"https:\/\/plicplac.com\/minimizando\/cotidiano\/descarte-de-pilhas-usadas\/\"},\"author\":{\"name\":\"Mari Assmann\",\"@id\":\"https:\/\/plicplac.com\/minimizando\/#\/schema\/person\/49afaba77f057a7b6f6ed386f478e1b2\"},\"headline\":\"Descarte de Pilhas Usadas\",\"datePublished\":\"2023-07-27T18:26:19+00:00\",\"dateModified\":\"2023-07-27T18:28:04+00:00\",\"mainEntityOfPage\":{\"@id\":\"https:\/\/plicplac.com\/minimizando\/cotidiano\/descarte-de-pilhas-usadas\/\"},\"wordCount\":89,\"commentCount\":0,\"publisher\":{\"@id\":\"https:\/\/plicplac.com\/minimizando\/#\/schema\/person\/49afaba77f057a7b6f6ed386f478e1b2\"},\"keywords\":[\"Descarte Correto\",\"Dicas\"],\"articleSection\":[\"Cotidiano\"],\"inLanguage\":\"pt-BR\",\"potentialAction\":[{\"@type\":\"CommentAction\",\"name\":\"Comment\",\"target\":[\"https:\/\/plicplac.com\/minimizando\/cotidiano\/descarte-de-pilhas-usadas\/#respond\"]}]},{\"@type\":\"WebPage\",\"@id\":\"https:\/\/plicplac.com\/minimizando\/cotidiano\/descarte-de-pilhas-usadas\/\",\"url\":\"https:\/\/plicplac.com\/minimizando\/cotidiano\/descarte-de-pilhas-usadas\/\",\"name\":\"Descarte de Pilhas Usadas - Minimizando\",\"isPartOf\":{\"@id\":\"https:\/\/plicplac.com\/minimizando\/#website\"},\"datePublished\":\"2023-07-27T18:26:19+00:00\",\"dateModified\":\"2023-07-27T18:28:04+00:00\",\"breadcrumb\":{\"@id\":\"https:\/\/plicplac.com\/minimizando\/cotidiano\/descarte-de-pilhas-usadas\/#breadcrumb\"},\"inLanguage\":\"pt-BR\",\"potentialAction\":[{\"@type\":\"ReadAction\",\"target\":[\"https:\/\/plicplac.com\/minimizando\/cotidiano\/descarte-de-pilhas-usadas\/\"]}]},{\"@type\":\"BreadcrumbList\",\"@id\":\"https:\/\/plicplac.com\/minimizando\/cotidiano\/descarte-de-pilhas-usadas\/#breadcrumb\",\"itemListElement\":[{\"@type\":\"ListItem\",\"position\":1,\"name\":\"In\u00edcio\",\"item\":\"https:\/\/plicplac.com\/minimizando\/\"},{\"@type\":\"ListItem\",\"position\":2,\"name\":\"Descarte de Pilhas Usadas\"}]},{\"@type\":\"WebSite\",\"@id\":\"https:\/\/plicplac.com\/minimizando\/#website\",\"url\":\"https:\/\/plicplac.com\/minimizando\/\",\"name\":\"Minimizando\",\"description\":\"\",\"publisher\":{\"@id\":\"https:\/\/plicplac.com\/minimizando\/#\/schema\/person\/49afaba77f057a7b6f6ed386f478e1b2\"},\"potentialAction\":[{\"@type\":\"SearchAction\",\"target\":{\"@type\":\"EntryPoint\",\"urlTemplate\":\"https:\/\/plicplac.com\/minimizando\/?s={search_term_string}\"},\"query-input\":\"required name=search_term_string\"}],\"inLanguage\":\"pt-BR\"},{\"@type\":[\"Person\",\"Organization\"],\"@id\":\"https:\/\/plicplac.com\/minimizando\/#\/schema\/person\/49afaba77f057a7b6f6ed386f478e1b2\",\"name\":\"Mari Assmann\",\"image\":{\"@type\":\"ImageObject\",\"inLanguage\":\"pt-BR\",\"@id\":\"https:\/\/plicplac.com\/minimizando\/#\/schema\/person\/image\/\",\"url\":\"https:\/\/plicplac.com\/minimizando\/wp-content\/uploads\/2020\/01\/mari_assmann.jpg\",\"contentUrl\":\"https:\/\/plicplac.com\/minimizando\/wp-content\/uploads\/2020\/01\/mari_assmann.jpg\",\"width\":666,\"height\":989,\"caption\":\"Mari Assmann\"},\"logo\":{\"@id\":\"https:\/\/plicplac.com\/minimizando\/#\/schema\/person\/image\/\"},\"sameAs\":[\"https:\/\/www.minimizando.com.br\/\"]}]}<\/script>\n<!-- \/ Yoast SEO plugin. -->","yoast_head_json":{"title":"Descarte de Pilhas Usadas - Minimizando","robots":{"index":"index","follow":"follow","max-snippet":"max-snippet:-1","max-image-preview":"max-image-preview:large","max-video-preview":"max-video-preview:-1"},"canonical":"https:\/\/plicplac.com\/minimizando\/cotidiano\/descarte-de-pilhas-usadas\/","og_locale":"pt_BR","og_type":"article","og_title":"Descarte de Pilhas Usadas - Minimizando","og_description":"Voc\u00ea sabia que pilhas e baterias n\u00e3o podem ir para o lixo comum? Elas possuem l\u00edquido t\u00f3xico em sua composi\u00e7\u00e3o (que n\u00e3o \u00e9 biodegrad\u00e1vel e n\u00e3o se decomp\u00f5e), com isso o descarte incorreto pode resultar em contamina\u00e7\u00e3o do solo e da \u00e1gua! Procure por um posto de coleta na sua cidade pois elas podem ser [&hellip;]","og_url":"https:\/\/plicplac.com\/minimizando\/cotidiano\/descarte-de-pilhas-usadas\/","og_site_name":"Minimizando","article_published_time":"2023-07-27T18:26:19+00:00","article_modified_time":"2023-07-27T18:28:04+00:00","og_image":[{"url":"https:\/\/plicplac.com\/minimizando\/wp-content\/uploads\/2023\/07\/descarte-de-pilhas-usadas.jpeg"}],"author":"Mari Assmann","twitter_card":"summary_large_image","twitter_misc":{"Escrito por":"Mari Assmann","Est. tempo de leitura":"1 minuto"},"schema":{"@context":"https:\/\/schema.org","@graph":[{"@type":"Article","@id":"https:\/\/plicplac.com\/minimizando\/cotidiano\/descarte-de-pilhas-usadas\/#article","isPartOf":{"@id":"https:\/\/plicplac.com\/minimizando\/cotidiano\/descarte-de-pilhas-usadas\/"},"author":{"name":"Mari Assmann","@id":"https:\/\/plicplac.com\/minimizando\/#\/schema\/person\/49afaba77f057a7b6f6ed386f478e1b2"},"headline":"Descarte de Pilhas Usadas","datePublished":"2023-07-27T18:26:19+00:00","dateModified":"2023-07-27T18:28:04+00:00","mainEntityOfPage":{"@id":"https:\/\/plicplac.com\/minimizando\/cotidiano\/descarte-de-pilhas-usadas\/"},"wordCount":89,"commentCount":0,"publisher":{"@id":"https:\/\/plicplac.com\/minimizando\/#\/schema\/person\/49afaba77f057a7b6f6ed386f478e1b2"},"keywords":["Descarte Correto","Dicas"],"articleSection":["Cotidiano"],"inLanguage":"pt-BR","potentialAction":[{"@type":"CommentAction","name":"Comment","target":["https:\/\/plicplac.com\/minimizando\/cotidiano\/descarte-de-pilhas-usadas\/#respond"]}]},{"@type":"WebPage","@id":"https:\/\/plicplac.com\/minimizando\/cotidiano\/descarte-de-pilhas-usadas\/","url":"https:\/\/plicplac.com\/minimizando\/cotidiano\/descarte-de-pilhas-usadas\/","name":"Descarte de Pilhas Usadas - Minimizando","isPartOf":{"@id":"https:\/\/plicplac.com\/minimizando\/#website"},"datePublished":"2023-07-27T18:26:19+00:00","dateModified":"2023-07-27T18:28:04+00:00","breadcrumb":{"@id":"https:\/\/plicplac.com\/minimizando\/cotidiano\/descarte-de-pilhas-usadas\/#breadcrumb"},"inLanguage":"pt-BR","potentialAction":[{"@type":"ReadAction","target":["https:\/\/plicplac.com\/minimizando\/cotidiano\/descarte-de-pilhas-usadas\/"]}]},{"@type":"BreadcrumbList","@id":"https:\/\/plicplac.com\/minimizando\/cotidiano\/descarte-de-pilhas-usadas\/#breadcrumb","itemListElement":[{"@type":"ListItem","position":1,"name":"In\u00edcio","item":"https:\/\/plicplac.com\/minimizando\/"},{"@type":"ListItem","position":2,"name":"Descarte de Pilhas Usadas"}]},{"@type":"WebSite","@id":"https:\/\/plicplac.com\/minimizando\/#website","url":"https:\/\/plicplac.com\/minimizando\/","name":"Minimizando","description":"","publisher":{"@id":"https:\/\/plicplac.com\/minimizando\/#\/schema\/person\/49afaba77f057a7b6f6ed386f478e1b2"},"potentialAction":[{"@type":"SearchAction","target":{"@type":"EntryPoint","urlTemplate":"https:\/\/plicplac.com\/minimizando\/?s={search_term_string}"},"query-input":"required name=search_term_string"}],"inLanguage":"pt-BR"},{"@type":["Person","Organization"],"@id":"https:\/\/plicplac.com\/minimizando\/#\/schema\/person\/49afaba77f057a7b6f6ed386f478e1b2","name":"Mari Assmann","image":{"@type":"ImageObject","inLanguage":"pt-BR","@id":"https:\/\/plicplac.com\/minimizando\/#\/schema\/person\/image\/","url":"https:\/\/plicplac.com\/minimizando\/wp-content\/uploads\/2020\/01\/mari_assmann.jpg","contentUrl":"https:\/\/plicplac.com\/minimizando\/wp-content\/uploads\/2020\/01\/mari_assmann.jpg","width":666,"height":989,"caption":"Mari Assmann"},"logo":{"@id":"https:\/\/plicplac.com\/minimizando\/#\/schema\/person\/image\/"},"sameAs":["https:\/\/www.minimizando.com.br\/"]}]}},"_links":{"self":[{"href":"https:\/\/plicplac.com\/minimizando\/wp-json\/wp\/v2\/posts\/448"}],"collection":[{"href":"https:\/\/plicplac.com\/minimizando\/wp-json\/wp\/v2\/posts"}],"about":[{"href":"https:\/\/plicplac.com\/minimizando\/wp-json\/wp\/v2\/types\/post"}],"author":[{"embeddable":true,"href":"https:\/\/plicplac.com\/minimizando\/wp-json\/wp\/v2\/users\/1"}],"replies":[{"embeddable":true,"href":"https:\/\/plicplac.com\/minimizando\/wp-json\/wp\/v2\/comments?post=448"}],"version-history":[{"count":2,"href":"https:\/\/plicplac.com\/minimizando\/wp-json\/wp\/v2\/posts\/448\/revisions"}],"predecessor-version":[{"id":452,"href":"https:\/\/plicplac.com\/minimizando\/wp-json\/wp\/v2\/posts\/448\/revisions\/452"}],"wp:attachment":[{"href":"https:\/\/plicplac.com\/minimizando\/wp-json\/wp\/v2\/media?parent=448"}],"wp:term":[{"taxonomy":"category","embeddable":true,"href":"https:\/\/plicplac.com\/minimizando\/wp-json\/wp\/v2\/categories?post=448"},{"taxonomy":"post_tag","embeddable":true,"href":"https:\/\/plicplac.com\/minimizando\/wp-json\/wp\/v2\/tags?post=448"}],"curies":[{"name":"wp","href":"https:\/\/api.w.org\/{rel}","templated":true}]}}