{"id":453,"date":"2023-07-27T15:35:11","date_gmt":"2023-07-27T18:35:11","guid":{"rendered":"https:\/\/plicplac.com\/minimizando\/?p=453"},"modified":"2023-07-27T15:35:13","modified_gmt":"2023-07-27T18:35:13","slug":"como-armazenar-brocolis-e-salsinha","status":"publish","type":"post","link":"https:\/\/plicplac.com\/minimizando\/cotidiano\/como-armazenar-brocolis-e-salsinha\/","title":{"rendered":"Como Armazenar Br\u00f3colis e Salsinha"},"content":{"rendered":"<div class=\"wp-block-image\">\n<figure class=\"aligncenter size-full\"><img decoding=\"async\" loading=\"lazy\" width=\"1080\" height=\"1080\" src=\"https:\/\/plicplac.com\/minimizando\/wp-content\/uploads\/2023\/07\/como-armazenar-brocolis-e-salsinha.jpeg\" alt=\"\" class=\"wp-image-454\" srcset=\"https:\/\/plicplac.com\/minimizando\/wp-content\/uploads\/2023\/07\/como-armazenar-brocolis-e-salsinha.jpeg 1080w, https:\/\/plicplac.com\/minimizando\/wp-content\/uploads\/2023\/07\/como-armazenar-brocolis-e-salsinha-800x800.jpeg 800w, https:\/\/plicplac.com\/minimizando\/wp-content\/uploads\/2023\/07\/como-armazenar-brocolis-e-salsinha-768x768.jpeg 768w, https:\/\/plicplac.com\/minimizando\/wp-content\/uploads\/2023\/07\/como-armazenar-brocolis-e-salsinha-120x120.jpeg 120w\" sizes=\"(max-width: 1080px) 100vw, 1080px\" \/><figcaption class=\"wp-element-caption\">n\u00e3o parecem dois bouquetzinhos? \ud83d\ude42<\/figcaption><\/figure><\/div>\n\n\n<p>Para a salsinha e o br\u00f3colis durarem mais tempo: armazene em um pote com \u00e1gua na geladeira. Se a geladeira estiver com a temperatura muito alta, vale fazer uma estufinha com um saco pl\u00e1stico por cima.<\/p>\n\n\n\n<p>Tamb\u00e9m funciona com o alho por\u00f3 que tenha raiz.<\/p>\n\n\n\n<p>E vale cortar a pontinha do cabo e trocar a \u00e1gua se demorar muito pra usar! <\/p>\n","protected":false},"excerpt":{"rendered":"<p>Para a salsinha e o br\u00f3colis durarem mais tempo: armazene em um pote com \u00e1gua na geladeira. Se a geladeira estiver com a temperatura muito alta, vale fazer uma estufinha com um saco pl\u00e1stico por cima. Tamb\u00e9m funciona com o alho por\u00f3 que tenha raiz. E vale cortar a pontinha do cabo e trocar a [&hellip;]<\/p>\n","protected":false},"author":1,"featured_media":0,"comment_status":"open","ping_status":"open","sticky":false,"template":"","format":"standard","meta":[],"categories":[32],"tags":[51,23],"yoast_head":"<!-- This site is optimized with the Yoast SEO plugin v20.12 - https:\/\/yoast.com\/wordpress\/plugins\/seo\/ -->\n<title>Como Armazenar Br\u00f3colis e Salsinha - Minimizando<\/title>\n<meta name=\"robots\" content=\"index, follow, max-snippet:-1, max-image-preview:large, max-video-preview:-1\" \/>\n<link rel=\"canonical\" href=\"https:\/\/plicplac.com\/minimizando\/cotidiano\/como-armazenar-brocolis-e-salsinha\/\" \/>\n<meta property=\"og:locale\" content=\"pt_BR\" \/>\n<meta property=\"og:type\" content=\"article\" \/>\n<meta property=\"og:title\" content=\"Como Armazenar Br\u00f3colis e Salsinha - Minimizando\" \/>\n<meta property=\"og:description\" content=\"Para a salsinha e o br\u00f3colis durarem mais tempo: armazene em um pote com \u00e1gua na geladeira. Se a geladeira estiver com a temperatura muito alta, vale fazer uma estufinha com um saco pl\u00e1stico por cima. Tamb\u00e9m funciona com o alho por\u00f3 que tenha raiz. E vale cortar a pontinha do cabo e trocar a [&hellip;]\" \/>\n<meta property=\"og:url\" content=\"https:\/\/plicplac.com\/minimizando\/cotidiano\/como-armazenar-brocolis-e-salsinha\/\" \/>\n<meta property=\"og:site_name\" content=\"Minimizando\" \/>\n<meta property=\"article:published_time\" content=\"2023-07-27T18:35:11+00:00\" \/>\n<meta property=\"article:modified_time\" content=\"2023-07-27T18:35:13+00:00\" \/>\n<meta property=\"og:image\" content=\"https:\/\/plicplac.com\/minimizando\/wp-content\/uploads\/2023\/07\/como-armazenar-brocolis-e-salsinha.jpeg\" \/>\n<meta name=\"author\" content=\"Mari Assmann\" \/>\n<meta name=\"twitter:card\" content=\"summary_large_image\" \/>\n<meta name=\"twitter:label1\" content=\"Escrito por\" \/>\n\t<meta name=\"twitter:data1\" content=\"Mari Assmann\" \/>\n\t<meta name=\"twitter:label2\" content=\"Est. tempo de leitura\" \/>\n\t<meta name=\"twitter:data2\" content=\"1 minuto\" \/>\n<script type=\"application\/ld+json\" class=\"yoast-schema-graph\">{\"@context\":\"https:\/\/schema.org\",\"@graph\":[{\"@type\":\"Article\",\"@id\":\"https:\/\/plicplac.com\/minimizando\/cotidiano\/como-armazenar-brocolis-e-salsinha\/#article\",\"isPartOf\":{\"@id\":\"https:\/\/plicplac.com\/minimizando\/cotidiano\/como-armazenar-brocolis-e-salsinha\/\"},\"author\":{\"name\":\"Mari Assmann\",\"@id\":\"https:\/\/plicplac.com\/minimizando\/#\/schema\/person\/49afaba77f057a7b6f6ed386f478e1b2\"},\"headline\":\"Como Armazenar Br\u00f3colis e Salsinha\",\"datePublished\":\"2023-07-27T18:35:11+00:00\",\"dateModified\":\"2023-07-27T18:35:13+00:00\",\"mainEntityOfPage\":{\"@id\":\"https:\/\/plicplac.com\/minimizando\/cotidiano\/como-armazenar-brocolis-e-salsinha\/\"},\"wordCount\":75,\"commentCount\":0,\"publisher\":{\"@id\":\"https:\/\/plicplac.com\/minimizando\/#\/schema\/person\/49afaba77f057a7b6f6ed386f478e1b2\"},\"keywords\":[\"Armazenamento\",\"Dicas\"],\"articleSection\":[\"Cotidiano\"],\"inLanguage\":\"pt-BR\",\"potentialAction\":[{\"@type\":\"CommentAction\",\"name\":\"Comment\",\"target\":[\"https:\/\/plicplac.com\/minimizando\/cotidiano\/como-armazenar-brocolis-e-salsinha\/#respond\"]}]},{\"@type\":\"WebPage\",\"@id\":\"https:\/\/plicplac.com\/minimizando\/cotidiano\/como-armazenar-brocolis-e-salsinha\/\",\"url\":\"https:\/\/plicplac.com\/minimizando\/cotidiano\/como-armazenar-brocolis-e-salsinha\/\",\"name\":\"Como Armazenar Br\u00f3colis e Salsinha - Minimizando\",\"isPartOf\":{\"@id\":\"https:\/\/plicplac.com\/minimizando\/#website\"},\"datePublished\":\"2023-07-27T18:35:11+00:00\",\"dateModified\":\"2023-07-27T18:35:13+00:00\",\"breadcrumb\":{\"@id\":\"https:\/\/plicplac.com\/minimizando\/cotidiano\/como-armazenar-brocolis-e-salsinha\/#breadcrumb\"},\"inLanguage\":\"pt-BR\",\"potentialAction\":[{\"@type\":\"ReadAction\",\"target\":[\"https:\/\/plicplac.com\/minimizando\/cotidiano\/como-armazenar-brocolis-e-salsinha\/\"]}]},{\"@type\":\"BreadcrumbList\",\"@id\":\"https:\/\/plicplac.com\/minimizando\/cotidiano\/como-armazenar-brocolis-e-salsinha\/#breadcrumb\",\"itemListElement\":[{\"@type\":\"ListItem\",\"position\":1,\"name\":\"In\u00edcio\",\"item\":\"https:\/\/plicplac.com\/minimizando\/\"},{\"@type\":\"ListItem\",\"position\":2,\"name\":\"Como Armazenar Br\u00f3colis e Salsinha\"}]},{\"@type\":\"WebSite\",\"@id\":\"https:\/\/plicplac.com\/minimizando\/#website\",\"url\":\"https:\/\/plicplac.com\/minimizando\/\",\"name\":\"Minimizando\",\"description\":\"\",\"publisher\":{\"@id\":\"https:\/\/plicplac.com\/minimizando\/#\/schema\/person\/49afaba77f057a7b6f6ed386f478e1b2\"},\"potentialAction\":[{\"@type\":\"SearchAction\",\"target\":{\"@type\":\"EntryPoint\",\"urlTemplate\":\"https:\/\/plicplac.com\/minimizando\/?s={search_term_string}\"},\"query-input\":\"required name=search_term_string\"}],\"inLanguage\":\"pt-BR\"},{\"@type\":[\"Person\",\"Organization\"],\"@id\":\"https:\/\/plicplac.com\/minimizando\/#\/schema\/person\/49afaba77f057a7b6f6ed386f478e1b2\",\"name\":\"Mari Assmann\",\"image\":{\"@type\":\"ImageObject\",\"inLanguage\":\"pt-BR\",\"@id\":\"https:\/\/plicplac.com\/minimizando\/#\/schema\/person\/image\/\",\"url\":\"https:\/\/plicplac.com\/minimizando\/wp-content\/uploads\/2020\/01\/mari_assmann.jpg\",\"contentUrl\":\"https:\/\/plicplac.com\/minimizando\/wp-content\/uploads\/2020\/01\/mari_assmann.jpg\",\"width\":666,\"height\":989,\"caption\":\"Mari Assmann\"},\"logo\":{\"@id\":\"https:\/\/plicplac.com\/minimizando\/#\/schema\/person\/image\/\"},\"sameAs\":[\"https:\/\/www.minimizando.com.br\/\"]}]}<\/script>\n<!-- \/ Yoast SEO plugin. -->","yoast_head_json":{"title":"Como Armazenar Br\u00f3colis e Salsinha - Minimizando","robots":{"index":"index","follow":"follow","max-snippet":"max-snippet:-1","max-image-preview":"max-image-preview:large","max-video-preview":"max-video-preview:-1"},"canonical":"https:\/\/plicplac.com\/minimizando\/cotidiano\/como-armazenar-brocolis-e-salsinha\/","og_locale":"pt_BR","og_type":"article","og_title":"Como Armazenar Br\u00f3colis e Salsinha - Minimizando","og_description":"Para a salsinha e o br\u00f3colis durarem mais tempo: armazene em um pote com \u00e1gua na geladeira. Se a geladeira estiver com a temperatura muito alta, vale fazer uma estufinha com um saco pl\u00e1stico por cima. Tamb\u00e9m funciona com o alho por\u00f3 que tenha raiz. E vale cortar a pontinha do cabo e trocar a [&hellip;]","og_url":"https:\/\/plicplac.com\/minimizando\/cotidiano\/como-armazenar-brocolis-e-salsinha\/","og_site_name":"Minimizando","article_published_time":"2023-07-27T18:35:11+00:00","article_modified_time":"2023-07-27T18:35:13+00:00","og_image":[{"url":"https:\/\/plicplac.com\/minimizando\/wp-content\/uploads\/2023\/07\/como-armazenar-brocolis-e-salsinha.jpeg"}],"author":"Mari Assmann","twitter_card":"summary_large_image","twitter_misc":{"Escrito por":"Mari Assmann","Est. tempo de leitura":"1 minuto"},"schema":{"@context":"https:\/\/schema.org","@graph":[{"@type":"Article","@id":"https:\/\/plicplac.com\/minimizando\/cotidiano\/como-armazenar-brocolis-e-salsinha\/#article","isPartOf":{"@id":"https:\/\/plicplac.com\/minimizando\/cotidiano\/como-armazenar-brocolis-e-salsinha\/"},"author":{"name":"Mari Assmann","@id":"https:\/\/plicplac.com\/minimizando\/#\/schema\/person\/49afaba77f057a7b6f6ed386f478e1b2"},"headline":"Como Armazenar Br\u00f3colis e Salsinha","datePublished":"2023-07-27T18:35:11+00:00","dateModified":"2023-07-27T18:35:13+00:00","mainEntityOfPage":{"@id":"https:\/\/plicplac.com\/minimizando\/cotidiano\/como-armazenar-brocolis-e-salsinha\/"},"wordCount":75,"commentCount":0,"publisher":{"@id":"https:\/\/plicplac.com\/minimizando\/#\/schema\/person\/49afaba77f057a7b6f6ed386f478e1b2"},"keywords":["Armazenamento","Dicas"],"articleSection":["Cotidiano"],"inLanguage":"pt-BR","potentialAction":[{"@type":"CommentAction","name":"Comment","target":["https:\/\/plicplac.com\/minimizando\/cotidiano\/como-armazenar-brocolis-e-salsinha\/#respond"]}]},{"@type":"WebPage","@id":"https:\/\/plicplac.com\/minimizando\/cotidiano\/como-armazenar-brocolis-e-salsinha\/","url":"https:\/\/plicplac.com\/minimizando\/cotidiano\/como-armazenar-brocolis-e-salsinha\/","name":"Como Armazenar Br\u00f3colis e Salsinha - Minimizando","isPartOf":{"@id":"https:\/\/plicplac.com\/minimizando\/#website"},"datePublished":"2023-07-27T18:35:11+00:00","dateModified":"2023-07-27T18:35:13+00:00","breadcrumb":{"@id":"https:\/\/plicplac.com\/minimizando\/cotidiano\/como-armazenar-brocolis-e-salsinha\/#breadcrumb"},"inLanguage":"pt-BR","potentialAction":[{"@type":"ReadAction","target":["https:\/\/plicplac.com\/minimizando\/cotidiano\/como-armazenar-brocolis-e-salsinha\/"]}]},{"@type":"BreadcrumbList","@id":"https:\/\/plicplac.com\/minimizando\/cotidiano\/como-armazenar-brocolis-e-salsinha\/#breadcrumb","itemListElement":[{"@type":"ListItem","position":1,"name":"In\u00edcio","item":"https:\/\/plicplac.com\/minimizando\/"},{"@type":"ListItem","position":2,"name":"Como Armazenar Br\u00f3colis e Salsinha"}]},{"@type":"WebSite","@id":"https:\/\/plicplac.com\/minimizando\/#website","url":"https:\/\/plicplac.com\/minimizando\/","name":"Minimizando","description":"","publisher":{"@id":"https:\/\/plicplac.com\/minimizando\/#\/schema\/person\/49afaba77f057a7b6f6ed386f478e1b2"},"potentialAction":[{"@type":"SearchAction","target":{"@type":"EntryPoint","urlTemplate":"https:\/\/plicplac.com\/minimizando\/?s={search_term_string}"},"query-input":"required name=search_term_string"}],"inLanguage":"pt-BR"},{"@type":["Person","Organization"],"@id":"https:\/\/plicplac.com\/minimizando\/#\/schema\/person\/49afaba77f057a7b6f6ed386f478e1b2","name":"Mari Assmann","image":{"@type":"ImageObject","inLanguage":"pt-BR","@id":"https:\/\/plicplac.com\/minimizando\/#\/schema\/person\/image\/","url":"https:\/\/plicplac.com\/minimizando\/wp-content\/uploads\/2020\/01\/mari_assmann.jpg","contentUrl":"https:\/\/plicplac.com\/minimizando\/wp-content\/uploads\/2020\/01\/mari_assmann.jpg","width":666,"height":989,"caption":"Mari Assmann"},"logo":{"@id":"https:\/\/plicplac.com\/minimizando\/#\/schema\/person\/image\/"},"sameAs":["https:\/\/www.minimizando.com.br\/"]}]}},"_links":{"self":[{"href":"https:\/\/plicplac.com\/minimizando\/wp-json\/wp\/v2\/posts\/453"}],"collection":[{"href":"https:\/\/plicplac.com\/minimizando\/wp-json\/wp\/v2\/posts"}],"about":[{"href":"https:\/\/plicplac.com\/minimizando\/wp-json\/wp\/v2\/types\/post"}],"author":[{"embeddable":true,"href":"https:\/\/plicplac.com\/minimizando\/wp-json\/wp\/v2\/users\/1"}],"replies":[{"embeddable":true,"href":"https:\/\/plicplac.com\/minimizando\/wp-json\/wp\/v2\/comments?post=453"}],"version-history":[{"count":1,"href":"https:\/\/plicplac.com\/minimizando\/wp-json\/wp\/v2\/posts\/453\/revisions"}],"predecessor-version":[{"id":455,"href":"https:\/\/plicplac.com\/minimizando\/wp-json\/wp\/v2\/posts\/453\/revisions\/455"}],"wp:attachment":[{"href":"https:\/\/plicplac.com\/minimizando\/wp-json\/wp\/v2\/media?parent=453"}],"wp:term":[{"taxonomy":"category","embeddable":true,"href":"https:\/\/plicplac.com\/minimizando\/wp-json\/wp\/v2\/categories?post=453"},{"taxonomy":"post_tag","embeddable":true,"href":"https:\/\/plicplac.com\/minimizando\/wp-json\/wp\/v2\/tags?post=453"}],"curies":[{"name":"wp","href":"https:\/\/api.w.org\/{rel}","templated":true}]}}